{"id":1849,"date":"2021-07-10T00:20:33","date_gmt":"2021-07-10T00:20:33","guid":{"rendered":"https:\/\/milenavillamil.com\/?p=1849"},"modified":"2023-07-20T00:16:59","modified_gmt":"2023-07-20T00:16:59","slug":"admiro-a-las-personas-que-viven-sin-miedo-2","status":"publish","type":"post","link":"https:\/\/milenavillamil.com\/index.php\/2021\/07\/10\/admiro-a-las-personas-que-viven-sin-miedo-2\/","title":{"rendered":"Admir\u00f3 a las personas que viven sin miedo."},"content":{"rendered":"\n\n[et_pb_section fb_built=\u00bb1&#8243; _builder_version=\u00bb4.21.0&#8243; _module_preset=\u00bbdefault\u00bb global_colors_info=\u00bb{}\u00bb][et_pb_row _builder_version=\u00bb4.21.0&#8243; _module_preset=\u00bbdefault\u00bb global_colors_info=\u00bb{}\u00bb][et_pb_column type=\u00bb4_4&#8243; _builder_version=\u00bb4.21.0&#8243; _module_preset=\u00bbdefault\u00bb global_colors_info=\u00bb{}\u00bb][et_pb_text _builder_version=\u00bb4.21.0&#8243; _module_preset=\u00bbdefault\u00bb module_alignment=\u00bbcenter\u00bb hover_enabled=\u00bb0&#8243; global_colors_info=\u00bb{}\u00bb sticky_enabled=\u00bb0&#8243;]<p>Yo hasta que empec\u00e9 a vivir la neuroling\u00fc\u00edstica c\u00f3mo parte de mi vida, descubr\u00ed que soy miedosa al 100.<\/p>\n<p>Pero con miedo y todo le hago, porqu\u00e9 me canse de ser una mujer mediocre en todos los aspectos de mi vida, aceptarlo no fue f\u00e1cil, agradezco a Dios que hoy en d\u00eda me permite trabajar a diario en m\u00ed ser, no espero ser un ejemplo a seguir ya que soy ser humano y los defectos y errores me acompa\u00f1an y seguramente me acompa\u00f1ar\u00e1n toda la vida.<\/p>\n<p>Aspiro a ser ese acompa\u00f1ante que ayuda a otros a pasar de un lado a otro y es aqu\u00ed donde mi visi\u00f3n aparece y es ser Puente de transformaci\u00f3n personal entre cada ser herido (por violaci\u00f3n, depresi\u00f3n, violencia intrafamiliar, falta de amor propio, falta de sue\u00f1os, falta de motivaci\u00f3n, falta de voluntad para luchar y entre muchas cosas m\u00e1s que yo viv\u00ed en carne propia por muchos a\u00f1os) y Dios (o a quien corresponda que la persona crea).<\/p>\n<p>Con miedo y todo aqu\u00ed voy.<\/p>[\/et_pb_text][\/et_pb_column][\/et_pb_row][\/et_pb_section]\n\n","protected":false},"excerpt":{"rendered":"<p>Yo hasta que empec\u00e9 a vivir la neuroling\u00fc\u00edstica c\u00f3mo parte de mi vida, descubr\u00ed que soy miedosa al 100. Pero con miedo y todo le hago, porqu\u00e9 me canse de ser una mujer mediocre en todos los aspectos de mi vida, aceptarlo no fue f\u00e1cil, agradezco a Dios que hoy en d\u00eda me permite trabajar [&hellip;]<\/p>\n","protected":false},"author":2,"featured_media":3315,"comment_status":"open","ping_status":"open","sticky":false,"template":"","format":"standard","meta":{"_et_pb_use_builder":"on","_et_pb_old_content":"","_et_gb_content_width":"2880","footnotes":""},"categories":[1],"tags":[],"class_list":["post-1849","post","type-post","status-publish","format-standard","has-post-thumbnail","hentry","category-blog"],"_links":{"self":[{"href":"https:\/\/milenavillamil.com\/index.php\/wp-json\/wp\/v2\/posts\/1849","targetHints":{"allow":["GET"]}}],"collection":[{"href":"https:\/\/milenavillamil.com\/index.php\/wp-json\/wp\/v2\/posts"}],"about":[{"href":"https:\/\/milenavillamil.com\/index.php\/wp-json\/wp\/v2\/types\/post"}],"author":[{"embeddable":true,"href":"https:\/\/milenavillamil.com\/index.php\/wp-json\/wp\/v2\/users\/2"}],"replies":[{"embeddable":true,"href":"https:\/\/milenavillamil.com\/index.php\/wp-json\/wp\/v2\/comments?post=1849"}],"version-history":[{"count":1,"href":"https:\/\/milenavillamil.com\/index.php\/wp-json\/wp\/v2\/posts\/1849\/revisions"}],"predecessor-version":[{"id":3654,"href":"https:\/\/milenavillamil.com\/index.php\/wp-json\/wp\/v2\/posts\/1849\/revisions\/3654"}],"wp:featuredmedia":[{"embeddable":true,"href":"https:\/\/milenavillamil.com\/index.php\/wp-json\/wp\/v2\/media\/3315"}],"wp:attachment":[{"href":"https:\/\/milenavillamil.com\/index.php\/wp-json\/wp\/v2\/media?parent=1849"}],"wp:term":[{"taxonomy":"category","embeddable":true,"href":"https:\/\/milenavillamil.com\/index.php\/wp-json\/wp\/v2\/categories?post=1849"},{"taxonomy":"post_tag","embeddable":true,"href":"https:\/\/milenavillamil.com\/index.php\/wp-json\/wp\/v2\/tags?post=1849"}],"curies":[{"name":"wp","href":"https:\/\/api.w.org\/{rel}","templated":true}]}}