{"id":2545,"date":"2021-08-08T00:10:43","date_gmt":"2021-08-08T00:10:43","guid":{"rendered":"https:\/\/milenavillamil.com\/?p=2545"},"modified":"2023-07-22T20:55:02","modified_gmt":"2023-07-22T20:55:02","slug":"comunicacion-cual-es-el-lenguaje-que-se-habla-dentro-de-la-empresa","status":"publish","type":"post","link":"https:\/\/milenavillamil.com\/index.php\/2021\/08\/08\/comunicacion-cual-es-el-lenguaje-que-se-habla-dentro-de-la-empresa\/","title":{"rendered":"Comunicaci\u00f3n \u00bfCu\u00e1l es el lenguaje que se habla dentro de la empresa?"},"content":{"rendered":"\n[et_pb_section fb_built=\u00bb1&#8243; _builder_version=\u00bb4.16&#8243; _module_preset=\u00bbdefault\u00bb global_colors_info=\u00bb{}\u00bb][et_pb_row use_custom_gutter=\u00bbon\u00bb admin_label=\u00bbrow\u00bb _builder_version=\u00bb4.16&#8243; background_size=\u00bbinitial\u00bb background_position=\u00bbtop_left\u00bb background_repeat=\u00bbrepeat\u00bb global_colors_info=\u00bb{}\u00bb][et_pb_column type=\u00bb4_4&#8243; _builder_version=\u00bb4.16&#8243; _module_preset=\u00bbdefault\u00bb global_colors_info=\u00bb{}\u00bb][et_pb_text _builder_version=\u00bb4.21.0&#8243; _module_preset=\u00bbdefault\u00bb hover_enabled=\u00bb0&#8243; sticky_enabled=\u00bb0&#8243; custom_padding=\u00bb||17px|||\u00bb]<p>a llave del \u00e9xito en la comunicaci\u00f3n es hablar el mismo lenguaje<\/p>\n<h3 class=\"wp-block-heading\">La importancia de la comunicaci\u00f3n<\/h3>\n<blockquote class=\"wp-block-quote\">\n<p>Hablar constantemente no necesariamente es comunicaci\u00f3n.<br \/>\u2014Joel en Eternal Sunshine of the Spotless Mind<\/p>\n<\/blockquote>\n<h3 class=\"wp-block-heading\">El poder de la Comunicaci\u00f3n<\/h3>\n<p><br \/>Las investigaciones indican que es probable que la mala comunicaci\u00f3n sea el origen que se cita con m\u00e1s frecuencia de conflictos interpersonales.<\/p>\n<p>El poder de la comunicaci\u00f3n y las formas en que se hace m\u00e1s eficaz. Uno de los temas en ocasiones interfieren en el clima organizacional son los comentarios de pasillo o llamados chismes.<\/p>\n<p>Considere la autoevaluaci\u00f3n siguiente y c\u00f3mo son sus actitudes hacia los chismes. si le preguntara a sus compa\u00f1eros de trabajo \u00bfCu\u00e1l es el resultado?<\/p>[\/et_pb_text][\/et_pb_column][\/et_pb_row][et_pb_row _builder_version=\u00bb4.21.0&#8243; _module_preset=\u00bbdefault\u00bb][et_pb_column _builder_version=\u00bb4.21.0&#8243; _module_preset=\u00bbdefault\u00bb type=\u00bb4_4&#8243;][et_pb_image src=\u00bbhttps:\/\/milenavillamil.com\/wp-content\/uploads\/2023\/07\/hombre-mujer-negocios-sorprendidos-sonriendo-sobre-fondo-azul-estudio-scaled.jpg\u00bb _builder_version=\u00bb4.21.0&#8243; _module_preset=\u00bbdefault\u00bb title_text=\u00bbThe surprised business man and woman smiling on a gray background\u00bb hover_enabled=\u00bb0&#8243; sticky_enabled=\u00bb0&#8243;][\/et_pb_image][et_pb_text _builder_version=\u00bb4.21.0&#8243; _module_preset=\u00bbdefault\u00bb hover_enabled=\u00bb0&#8243; sticky_enabled=\u00bb0&#8243;]<h3 class=\"wp-block-heading\">\u00bfSoy chismoso?<\/h3>\n<p>&nbsp;<\/p>\n<ol>\n<li>\u00bfQu\u00e9 calificaci\u00f3n obtuvo respecto de sus compa\u00f1eros?<\/li>\n<li>\u00bfPiensa que hacer chismes es una falta moral? \u00bfPor qu\u00e9?<br \/>Los chismes son uno de los temas de la comunicaci\u00f3n. Hay muchos otros.<\/li>\n<li>Debido a que los individuos pasan cerca del 70% de las horas que est\u00e1n despiertos comunic\u00e1ndose \u2013escribiendo, leyendo, hablando, escuchando\u2013 parece razonable concluir que una de las cosas que m\u00e1s inhiben el desempe\u00f1o exitoso de un grupo es la carencia de una comunicaci\u00f3n eficaz.\n<p>Un estudio de 2007 realizado entre reclutadores de personal, revel\u00f3 que clasificaban las aptitudes de comunicaci\u00f3n como la m\u00e1s importante caracter\u00edstica del candidato ideal a un puesto.<\/p>\n<ol start=\"4\">\n<li>Ning\u00fan grupo existe sin comunicaci\u00f3n: la transferencia de significado entre sus miembros. Es s\u00f3lo a trav\u00e9s de la transmisi\u00f3n de significado de una persona a otra que la informaci\u00f3n y las ideas se pueden transmitir. Sin embargo, la comunicaci\u00f3n es m\u00e1s que s\u00f3lo impartir significado. Tambi\u00e9n debe entenderse. En un grupo en el que uno de sus miembros s\u00f3lo hable japon\u00e9s y los dem\u00e1s no, el individuo no ser\u00e1 comprendido totalmente. Por tanto, la comunicaci\u00f3n debe incluir la transferencia y la comprensi\u00f3n del significado.<\/li>\n<\/ol>\n<p>Antes de hacer demasiadas generalizaciones acerca de la comunicaci\u00f3n y los<br \/>problemas para comunicarse con eficacia, es necesario revisar en forma breve las funciones que lleva a cabo la comunicaci\u00f3n y describir el proceso de comunicarse.<\/p>\n<\/li>\n<\/ol>[\/et_pb_text][\/et_pb_column][\/et_pb_row][\/et_pb_section][et_pb_section fb_built=\u00bb1&#8243; _builder_version=\u00bb4.16&#8243; global_colors_info=\u00bb{}\u00bb custom_margin=\u00bb-88px|||||\u00bb][et_pb_row _builder_version=\u00bb4.16&#8243; background_size=\u00bbinitial\u00bb background_position=\u00bbtop_left\u00bb background_repeat=\u00bbrepeat\u00bb global_colors_info=\u00bb{}\u00bb][et_pb_column type=\u00bb4_4&#8243; _builder_version=\u00bb4.16&#8243; custom_padding=\u00bb|||\u00bb global_colors_info=\u00bb{}\u00bb custom_padding__hover=\u00bb|||\u00bb][et_pb_text _builder_version=\u00bb4.16&#8243; background_size=\u00bbinitial\u00bb background_position=\u00bbtop_left\u00bb background_repeat=\u00bbrepeat\u00bb global_colors_info=\u00bb{}\u00bb custom_margin=\u00bb-50px|||||\u00bb]<!-- divi:paragraph -->\n<p><\/p>\n<!-- \/divi:paragraph -->[\/et_pb_text][et_pb_cta title=\u00bbReserva tu taller de comunicaci\u00f3n asertiva empresarial\u00bb url_new_window=\u00bbon\u00bb _builder_version=\u00bb4.16&#8243; _dynamic_attributes=\u00bblink_option_url\u00bb _module_preset=\u00bbdefault\u00bb header_level=\u00bbh3&#8243; header_font=\u00bb|600|||||||\u00bb background_color=\u00bb#4340DB\u00bb custom_button=\u00bbon\u00bb width=\u00bb100%\u00bb custom_margin=\u00bb0px||0px||false|false\u00bb custom_padding=\u00bb30px||0px||false|false\u00bb link_option_url=\u00bb@ET-DC@eyJkeW5hbWljIjp0cnVlLCJjb250ZW50IjoicG9zdF9saW5rX3VybF9wcm9kdWN0Iiwic2V0dGluZ3MiOnsicG9zdF9pZCI6IjE5NDQifX0=@\u00bb link_option_url_new_window=\u00bbon\u00bb border_radii=\u00bbon|10px|10px|10px|10px\u00bb box_shadow_style=\u00bbpreset1&#8243; box_shadow_blur=\u00bb8px\u00bb global_colors_info=\u00bb{}\u00bb][\/et_pb_cta][\/et_pb_column][\/et_pb_row][\/et_pb_section]\n","protected":false},"excerpt":{"rendered":"<p>a llave del \u00e9xito en la comunicaci\u00f3n es hablar el mismo lenguaje La importancia de la comunicaci\u00f3n Hablar constantemente no necesariamente es comunicaci\u00f3n.\u2014Joel en Eternal Sunshine of the Spotless Mind El poder de la Comunicaci\u00f3n Las investigaciones indican que es probable que la mala comunicaci\u00f3n sea el origen que se cita con m\u00e1s frecuencia de [&hellip;]<\/p>\n","protected":false},"author":2,"featured_media":3939,"comment_status":"open","ping_status":"open","sticky":false,"template":"","format":"standard","meta":{"_et_pb_use_builder":"on","_et_pb_old_content":"<!-- wp:paragraph -->\n<p><\/p>\n<!-- \/wp:paragraph -->\n\n<!-- wp:paragraph -->\n<p>La llave del \u00e9xito en la comunicaci\u00f3n es hablar el mismo lenguaje<\/p>\n<!-- \/wp:paragraph -->\n\n<!-- wp:heading {\"level\":3} -->\n<h3 class=\"wp-block-heading\">La importancia de la comunicaci\u00f3n<\/h3>\n<!-- \/wp:heading -->\n\n<!-- wp:quote -->\n<blockquote class=\"wp-block-quote\"><!-- wp:paragraph -->\n<p>Hablar constantemente no necesariamente es comunicaci\u00f3n.<br>\u2014Joel en Eternal Sunshine of the Spotless Mind<\/p>\n<!-- \/wp:paragraph --><\/blockquote>\n<!-- \/wp:quote -->\n\n<!-- wp:heading {\"level\":3} -->\n<h3 class=\"wp-block-heading\">El poder de la Comunicaci\u00f3n<\/h3>\n<!-- \/wp:heading -->\n\n<!-- wp:paragraph -->\n<p><br>Las investigaciones indican que es probable que la mala comunicaci\u00f3n sea el origen que se cita con m\u00e1s frecuencia de conflictos interpersonales.<\/p>\n<!-- \/wp:paragraph -->\n\n<!-- wp:paragraph -->\n<p>El poder de la comunicaci\u00f3n y las formas en que se hace m\u00e1s eficaz. Uno de los temas en ocasiones interfieren en el clima organizacional son los comentarios de pasillo o llamados chismes.<\/p>\n<!-- \/wp:paragraph -->\n\n<!-- wp:paragraph -->\n<p>Considere la autoevaluaci\u00f3n siguiente y c\u00f3mo son sus actitudes hacia los chismes. si le preguntara a sus compa\u00f1eros de trabajo \u00bfCu\u00e1l es el resultado?<\/p>\n<!-- \/wp:paragraph -->\n\n<!-- wp:heading {\"level\":3} -->\n<h3 class=\"wp-block-heading\">\u00bfSoy chismoso?<\/h3>\n<!-- \/wp:heading -->\n\n<!-- wp:paragraph -->\n<p><\/p>\n<!-- \/wp:paragraph -->\n\n<!-- wp:list {\"ordered\":true} -->\n<ol><!-- wp:list-item -->\n<li>\u00bfQu\u00e9 calificaci\u00f3n obtuvo respecto de sus compa\u00f1eros?<\/li>\n<!-- \/wp:list-item -->\n\n<!-- wp:list-item -->\n<li>\u00bfPiensa que hacer chismes es una falta moral? \u00bfPor qu\u00e9?<br>Los chismes son uno de los temas de la comunicaci\u00f3n. Hay muchos otros.<\/li>\n<!-- \/wp:list-item -->\n\n<!-- wp:list-item -->\n<li>Debido a que los individuos pasan cerca del 70% de las horas que est\u00e1n despiertos comunic\u00e1ndose \u2013escribiendo, leyendo, hablando, escuchando\u2013 parece razonable concluir que una de las cosas que m\u00e1s inhiben el desempe\u00f1o exitoso de un grupo es la carencia de una comunicaci\u00f3n eficaz.<\/li>\n<!-- \/wp:list-item --><\/ol>\n<!-- \/wp:list -->\n\n<!-- wp:paragraph -->\n<p><\/p>\n<!-- \/wp:paragraph -->\n\n<!-- wp:image {\"align\":\"center\",\"id\":2550,\"width\":656,\"height\":328,\"sizeSlug\":\"full\",\"linkDestination\":\"none\"} -->\n<figure class=\"wp-block-image aligncenter size-full is-resized\"><img src=\"https:\/\/milenavillamilrincon.files.wordpress.com\/2023\/07\/68c5f-ima4.jpg\" alt=\"\" class=\"wp-image-2550\" width=\"656\" height=\"328\"\/><\/figure>\n<!-- \/wp:image -->\n\n<!-- wp:paragraph -->\n<p>Un estudio de 2007 realizado entre reclutadores de personal, revel\u00f3 que clasificaban las aptitudes de comunicaci\u00f3n como la m\u00e1s importante caracter\u00edstica del candidato ideal a un puesto.<\/p>\n<!-- \/wp:paragraph -->\n\n<!-- wp:list {\"ordered\":true,\"start\":4} -->\n<ol start=\"4\"><!-- wp:list-item -->\n<li>Ning\u00fan grupo existe sin comunicaci\u00f3n: la transferencia de significado entre sus miembros. Es s\u00f3lo a trav\u00e9s de la transmisi\u00f3n de significado de una persona a otra que la informaci\u00f3n y las ideas se pueden transmitir. Sin embargo, la comunicaci\u00f3n es m\u00e1s que s\u00f3lo impartir significado. Tambi\u00e9n debe entenderse. En un grupo en el que uno de sus miembros s\u00f3lo hable japon\u00e9s y los dem\u00e1s no, el individuo no ser\u00e1 comprendido totalmente. Por tanto, la comunicaci\u00f3n debe incluir la transferencia y la comprensi\u00f3n del significado.<\/li>\n<!-- \/wp:list-item --><\/ol>\n<!-- \/wp:list -->\n\n<!-- wp:paragraph -->\n<p>Antes de hacer demasiadas generalizaciones acerca de la comunicaci\u00f3n y los<br>problemas para comunicarse con eficacia, es necesario revisar en forma breve las funciones que lleva a cabo la comunicaci\u00f3n y describir el proceso de comunicarse.<\/p>\n<!-- \/wp:paragraph -->\n\n<!-- wp:paragraph -->\n<p><\/p>\n<!-- \/wp:paragraph -->\n\n<!-- wp:divi\/layout -->\n<div class=\"wp-block-divi-layout\">[et_pb_section fb_built=\"1\" _builder_version=\"4.9.10\" _module_preset=\"default\"][et_pb_row use_custom_gutter=\"on\" admin_label=\"row\" _builder_version=\"4.9.10\" background_size=\"initial\" background_position=\"top_left\" background_repeat=\"repeat\"][et_pb_column type=\"4_4\" _builder_version=\"4.9.10\" _module_preset=\"default\"][et_pb_cta title=\"Reserva tu taller de comunicaci\u00f3n asertiva empresarial\" url_new_window=\"on\" _builder_version=\"4.9.10\" _dynamic_attributes=\"link_option_url\" _module_preset=\"default\" header_level=\"h3\" header_font=\"|600|||||||\" background_color=\"#4340DB\" custom_button=\"on\" width=\"100%\" custom_margin=\"0px||0px||false|false\" custom_padding=\"30px||0px||false|false\" link_option_url=\"@ET-DC@eyJkeW5hbWljIjp0cnVlLCJjb250ZW50IjoicG9zdF9saW5rX3VybF9wcm9kdWN0Iiwic2V0dGluZ3MiOnsicG9zdF9pZCI6IjE5NDQifX0=@\" link_option_url_new_window=\"on\" hover_enabled=\"0\" border_radii=\"on|10px|10px|10px|10px\" box_shadow_style=\"preset1\" box_shadow_blur=\"8px\" sticky_enabled=\"0\"][\/et_pb_cta][\/et_pb_column][\/et_pb_row][\/et_pb_section]<\/div>\n<!-- \/wp:divi\/layout -->\n\n<!-- wp:paragraph -->\n<p><\/p>\n<!-- \/wp:paragraph -->","_et_gb_content_width":"","footnotes":""},"categories":[11],"tags":[],"class_list":["post-2545","post","type-post","status-publish","format-standard","has-post-thumbnail","hentry","category-coaching-ejecutivo"],"_links":{"self":[{"href":"https:\/\/milenavillamil.com\/index.php\/wp-json\/wp\/v2\/posts\/2545","targetHints":{"allow":["GET"]}}],"collection":[{"href":"https:\/\/milenavillamil.com\/index.php\/wp-json\/wp\/v2\/posts"}],"about":[{"href":"https:\/\/milenavillamil.com\/index.php\/wp-json\/wp\/v2\/types\/post"}],"author":[{"embeddable":true,"href":"https:\/\/milenavillamil.com\/index.php\/wp-json\/wp\/v2\/users\/2"}],"replies":[{"embeddable":true,"href":"https:\/\/milenavillamil.com\/index.php\/wp-json\/wp\/v2\/comments?post=2545"}],"version-history":[{"count":6,"href":"https:\/\/milenavillamil.com\/index.php\/wp-json\/wp\/v2\/posts\/2545\/revisions"}],"predecessor-version":[{"id":3947,"href":"https:\/\/milenavillamil.com\/index.php\/wp-json\/wp\/v2\/posts\/2545\/revisions\/3947"}],"wp:featuredmedia":[{"embeddable":true,"href":"https:\/\/milenavillamil.com\/index.php\/wp-json\/wp\/v2\/media\/3939"}],"wp:attachment":[{"href":"https:\/\/milenavillamil.com\/index.php\/wp-json\/wp\/v2\/media?parent=2545"}],"wp:term":[{"taxonomy":"category","embeddable":true,"href":"https:\/\/milenavillamil.com\/index.php\/wp-json\/wp\/v2\/categories?post=2545"},{"taxonomy":"post_tag","embeddable":true,"href":"https:\/\/milenavillamil.com\/index.php\/wp-json\/wp\/v2\/tags?post=2545"}],"curies":[{"name":"wp","href":"https:\/\/api.w.org\/{rel}","templated":true}]}}