{"id":2557,"date":"2021-08-08T00:54:21","date_gmt":"2021-08-08T00:54:21","guid":{"rendered":"https:\/\/milenavillamil.com\/?p=2557"},"modified":"2023-07-22T21:20:27","modified_gmt":"2023-07-22T21:20:27","slug":"taller-de-liderazgo","status":"publish","type":"post","link":"https:\/\/milenavillamil.com\/index.php\/2021\/08\/08\/taller-de-liderazgo\/","title":{"rendered":"Taller de liderazgo"},"content":{"rendered":"<p>[et_pb_section fb_built=\u00bb1&#8243; admin_label=\u00bbsection\u00bb _builder_version=\u00bb4.16&#8243; global_colors_info=\u00bb{}\u00bb][et_pb_row admin_label=\u00bbrow\u00bb _builder_version=\u00bb4.16&#8243; background_size=\u00bbinitial\u00bb background_position=\u00bbtop_left\u00bb background_repeat=\u00bbrepeat\u00bb global_colors_info=\u00bb{}\u00bb][et_pb_column type=\u00bb4_4&#8243; _builder_version=\u00bb4.16&#8243; custom_padding=\u00bb|||\u00bb global_colors_info=\u00bb{}\u00bb custom_padding__hover=\u00bb|||\u00bb][et_pb_text _builder_version=\u00bb4.16&#8243; background_size=\u00bbinitial\u00bb background_position=\u00bbtop_left\u00bb background_repeat=\u00bbrepeat\u00bb custom_margin=\u00bb-75px|||||\u00bb global_colors_info=\u00bb{}\u00bb]<\/p>\n<p>&nbsp;<\/p>\n<p>La llave de la excelencia es la educaci\u00f3n continua.<\/p>\n<p>&nbsp;<\/p>\n<h3>Beneficios del taller de liderazgo<\/h3>\n<ul>\n<li>Descubrir t\u00fa propio estilo de liderazgo.<\/li>\n<li>Incrementar el nivel de productividad.<\/li>\n<li>Tomar mejores decisiones.<\/li>\n<li>Desarrollo de liderazgo continuo.<\/li>\n<li>Identificar las amenazas transform\u00e1ndolas en fortalezas y las debilidades transform\u00e1ndolas en oportunidades.<\/li>\n<li>Ser feliz con tu don potencial como l\u00edder.<\/li>\n<\/ul>\n<p>[\/et_pb_text][\/et_pb_column][\/et_pb_row][et_pb_row column_structure=\u00bb2_5,3_5&#8243; _builder_version=\u00bb4.21.0&#8243; _module_preset=\u00bbdefault\u00bb global_colors_info=\u00bb{}\u00bb][et_pb_column type=\u00bb2_5&#8243; _builder_version=\u00bb4.21.0&#8243; _module_preset=\u00bbdefault\u00bb global_colors_info=\u00bb{}\u00bb][et_pb_image src=\u00bbhttps:\/\/milenavillamil.com\/wp-content\/uploads\/2023\/07\/ejecutivos-negocios-caminando-lobby-centro-conferencias-scaled.jpg\u00bb title_text=\u00bbPortrait of business executives walking in a conference center lobby\u00bb _builder_version=\u00bb4.21.0&#8243; _module_preset=\u00bbdefault\u00bb global_colors_info=\u00bb{}\u00bb][\/et_pb_image][\/et_pb_column][et_pb_column type=\u00bb3_5&#8243; _builder_version=\u00bb4.21.0&#8243; _module_preset=\u00bbdefault\u00bb global_colors_info=\u00bb{}\u00bb][et_pb_text _builder_version=\u00bb4.21.0&#8243; _module_preset=\u00bbdefault\u00bb global_colors_info=\u00bb{}\u00bb]<\/p>\n<h3>Objetivo del taller responder estas preguntas como contenido<\/h3>\n<div class=\"wp-block-columns\">\n<div class=\"wp-block-column is-vertically-aligned-top\" style=\"flex-basis: 100%;\">\n<div class=\"wp-block-columns\">\n<div class=\"wp-block-column\" style=\"flex-basis: 400px;\">\n<ul>\n<li>\u00bfTe arriesgas como l\u00edder?<\/li>\n<li>\u00bfTe apasiona lo que haces?<\/li>\n<li>\u00bfEstas satisfecho con tus resultados?<\/li>\n<li>\u00bfTe responsabilizas de tus excusas?<\/li>\n<li>\u00bfCreas posibilidades en cada situaci\u00f3n?<\/li>\n<li>\u00bfEn que sobre sales?<\/li>\n<li>\u00bfEres de mente abierta al redise\u00f1o?<\/li>\n<li>\u00bfvives en tu ego?<\/li>\n<li>\u00bfContribuyes con el crecimiento de otras personas?<\/li>\n<li>\u00bfEres inspiraci\u00f3n para otras personas?<\/li>\n<li>\u00bfAprovechas las oportunidades que te brinda la vida<\/li>\n<li>\u00bfHablas desde el coraz\u00f3n?<\/li>\n<li><span style=\"font-size: 14px;\">\u00bfVives en presencia de t\u00fa cuerpo, mente y alma\u2019<\/span><\/li>\n<li><span style=\"font-size: 14px;\">\u00bfTe preocupas por otros?<\/span><\/li>\n<li><span style=\"font-size: 14px;\">\u00bfCumples tus sue\u00f1os?<\/span><\/li>\n<li><span style=\"font-size: 14px;\">\u00bfEres valiente?<\/span><\/li>\n<li>Plan acci\u00f3n SMART<\/li>\n<\/ul>\n<\/div>\n<\/div>\n<\/div>\n<\/div>\n<p>[\/et_pb_text][\/et_pb_column][\/et_pb_row][\/et_pb_section][et_pb_section fb_built=\u00bb1&#8243; admin_label=\u00bbsection\u00bb _builder_version=\u00bb4.16&#8243; saved_tabs=\u00bball\u00bb global_colors_info=\u00bb{}\u00bb][et_pb_row use_custom_gutter=\u00bbon\u00bb admin_label=\u00bbrow\u00bb _builder_version=\u00bb4.16&#8243; background_size=\u00bbinitial\u00bb background_position=\u00bbtop_left\u00bb background_repeat=\u00bbrepeat\u00bb global_colors_info=\u00bb{}\u00bb][et_pb_column type=\u00bb4_4&#8243; _builder_version=\u00bb4.16&#8243; _module_preset=\u00bbdefault\u00bb global_colors_info=\u00bb{}\u00bb][et_pb_cta title=\u00bbReserva tu taller de liderazgo para tu equipo de trabajo\u00bb url_new_window=\u00bbon\u00bb _builder_version=\u00bb4.16&#8243; _dynamic_attributes=\u00bblink_option_url\u00bb _module_preset=\u00bbdefault\u00bb header_level=\u00bbh3&#8243; header_font=\u00bb|600|||||||\u00bb background_color=\u00bb#4340DB\u00bb custom_button=\u00bbon\u00bb width=\u00bb100%\u00bb custom_margin=\u00bb0px||0px||false|false\u00bb custom_padding=\u00bb30px||0px||false|false\u00bb link_option_url=\u00bb@ET-DC@eyJkeW5hbWljIjp0cnVlLCJjb250ZW50IjoicG9zdF9saW5rX3VybF9wcm9kdWN0Iiwic2V0dGluZ3MiOnsicG9zdF9pZCI6IjE5NTAifX0=@\u00bb link_option_url_new_window=\u00bbon\u00bb border_radii=\u00bbon|10px|10px|10px|10px\u00bb box_shadow_style=\u00bbpreset1&#8243; box_shadow_blur=\u00bb8px\u00bb global_colors_info=\u00bb{}\u00bb][\/et_pb_cta][\/et_pb_column][\/et_pb_row][\/et_pb_section]<\/p>\n","protected":false},"excerpt":{"rendered":"<p>&nbsp; La llave de la excelencia es la educaci\u00f3n continua. &nbsp; Beneficios del taller de liderazgo Descubrir t\u00fa propio estilo de liderazgo. Incrementar el nivel de productividad. Tomar mejores decisiones. Desarrollo de liderazgo continuo. Identificar las amenazas transform\u00e1ndolas en fortalezas y las debilidades transform\u00e1ndolas en oportunidades. Ser feliz con tu don potencial como l\u00edder. Objetivo [&hellip;]<\/p>\n","protected":false},"author":2,"featured_media":3949,"comment_status":"open","ping_status":"open","sticky":false,"template":"","format":"standard","meta":{"_et_pb_use_builder":"on","_et_pb_old_content":"<!-- wp:paragraph -->\n<p>La llave de la excelencia es la educaci\u00f3n continua.<\/p>\n<!-- \/wp:paragraph -->\n\n<!-- wp:paragraph -->\n<p><\/p>\n<!-- \/wp:paragraph -->\n\n<!-- wp:heading {\"level\":3} -->\n<h3>Beneficios del taller de liderazgo<\/h3>\n<!-- \/wp:heading -->\n\n<!-- wp:list -->\n<ul><li>Descubrir t\u00fa propio estilo de liderazgo.<\/li><li>Incrementar el nivel de productividad.<\/li><li>Tomar mejores decisiones.<\/li><li>Desarrollo de liderazgo continuo.<\/li><li>Identificar las amenazas transform\u00e1ndolas en fortalezas y las debilidades transform\u00e1ndolas en oportunidades.<\/li><li>Ser feliz con tu don potencial como l\u00edder.<\/li><\/ul>\n<!-- \/wp:list -->\n\n<!-- wp:paragraph -->\n<p><\/p>\n<!-- \/wp:paragraph -->\n\n<!-- wp:paragraph -->\n<p><\/p>\n<!-- \/wp:paragraph -->\n\n<!-- wp:heading {\"level\":3} -->\n<h3>Objetivo del taller responder estas preguntas como contenido<\/h3>\n<!-- \/wp:heading -->\n\n<!-- wp:columns {\"verticalAlignment\":null} -->\n<div class=\"wp-block-columns\"><!-- wp:column {\"verticalAlignment\":\"top\",\"width\":100} -->\n<div class=\"wp-block-column is-vertically-aligned-top\" style=\"flex-basis:100%\"><!-- wp:columns -->\n<div class=\"wp-block-columns\"><!-- wp:column {\"width\":\"400px\"} -->\n<div class=\"wp-block-column\" style=\"flex-basis:400px\"><!-- wp:list -->\n<ul><li>\u00bfTe arriesgas como l\u00edder?<\/li><li>\u00bfTe apasiona lo que haces?<\/li><li>\u00bfEstas satisfecho con tus resultados?<\/li><li>\u00bfTe responsabilizas de tus excusas?<\/li><li>\u00bfCreas posibilidades en cada situaci\u00f3n?<\/li><li>\u00bfEn que sobre sales?<\/li><li>\u00bfEres de mente abierta al redise\u00f1o?<\/li><li>\u00bfvives en tu ego? <\/li><li>\u00bfContribuyes con el crecimiento de otras personas? <\/li><\/ul>\n<!-- \/wp:list --><\/div>\n<!-- \/wp:column -->\n\n<!-- wp:column -->\n<div class=\"wp-block-column\"><!-- wp:list -->\n<ul><li>\u00bfEres inspiraci\u00f3n para otras personas?<\/li><li>\u00bfAprovechas las oportunidades que te brinda la vida?<\/li><li>\u00bfHablas desde el coraz\u00f3n?<\/li><li>\u00bfVives en presencia de t\u00fa cuerpo, mente y alma\u2019<\/li><li>\u00bfTe preocupas por otros?<\/li><li>\u00bfCumples tus sue\u00f1os?<\/li><li>\u00bfEres valiente?<\/li><li>Plan acci\u00f3n SMART<\/li><\/ul>\n<!-- \/wp:list --><\/div>\n<!-- \/wp:column --><\/div>\n<!-- \/wp:columns --><\/div>\n<!-- \/wp:column --><\/div>\n<!-- \/wp:columns -->\n\n<!-- wp:divi\/layout -->\n<div class=\"wp-block-divi-layout\">[et_pb_section fb_built=\"1\" admin_label=\"section\" _builder_version=\"3.22\" saved_tabs=\"all\"][et_pb_row use_custom_gutter=\"on\" admin_label=\"row\" _builder_version=\"4.9.10\" background_size=\"initial\" background_position=\"top_left\" background_repeat=\"repeat\"][et_pb_column type=\"4_4\" _builder_version=\"4.9.10\" _module_preset=\"default\"][et_pb_cta title=\"Reserva tu taller de liderazgo para tu equipo de trabajo\" url_new_window=\"on\" _builder_version=\"4.9.10\" _dynamic_attributes=\"link_option_url\" _module_preset=\"default\" header_level=\"h3\" header_font=\"|600|||||||\" background_color=\"#4340DB\" custom_button=\"on\" width=\"100%\" custom_margin=\"0px||0px||false|false\" custom_padding=\"30px||0px||false|false\" link_option_url=\"@ET-DC@eyJkeW5hbWljIjp0cnVlLCJjb250ZW50IjoicG9zdF9saW5rX3VybF9wcm9kdWN0Iiwic2V0dGluZ3MiOnsicG9zdF9pZCI6IjE5NTAifX0=@\" link_option_url_new_window=\"on\" hover_enabled=\"0\" border_radii=\"on|10px|10px|10px|10px\" box_shadow_style=\"preset1\" box_shadow_blur=\"8px\" sticky_enabled=\"0\"][\/et_pb_cta][\/et_pb_column][\/et_pb_row][\/et_pb_section]<\/div>\n<!-- \/wp:divi\/layout -->","_et_gb_content_width":"","footnotes":""},"categories":[11],"tags":[],"class_list":["post-2557","post","type-post","status-publish","format-standard","has-post-thumbnail","hentry","category-coaching-ejecutivo"],"_links":{"self":[{"href":"https:\/\/milenavillamil.com\/index.php\/wp-json\/wp\/v2\/posts\/2557","targetHints":{"allow":["GET"]}}],"collection":[{"href":"https:\/\/milenavillamil.com\/index.php\/wp-json\/wp\/v2\/posts"}],"about":[{"href":"https:\/\/milenavillamil.com\/index.php\/wp-json\/wp\/v2\/types\/post"}],"author":[{"embeddable":true,"href":"https:\/\/milenavillamil.com\/index.php\/wp-json\/wp\/v2\/users\/2"}],"replies":[{"embeddable":true,"href":"https:\/\/milenavillamil.com\/index.php\/wp-json\/wp\/v2\/comments?post=2557"}],"version-history":[{"count":4,"href":"https:\/\/milenavillamil.com\/index.php\/wp-json\/wp\/v2\/posts\/2557\/revisions"}],"predecessor-version":[{"id":3954,"href":"https:\/\/milenavillamil.com\/index.php\/wp-json\/wp\/v2\/posts\/2557\/revisions\/3954"}],"wp:featuredmedia":[{"embeddable":true,"href":"https:\/\/milenavillamil.com\/index.php\/wp-json\/wp\/v2\/media\/3949"}],"wp:attachment":[{"href":"https:\/\/milenavillamil.com\/index.php\/wp-json\/wp\/v2\/media?parent=2557"}],"wp:term":[{"taxonomy":"category","embeddable":true,"href":"https:\/\/milenavillamil.com\/index.php\/wp-json\/wp\/v2\/categories?post=2557"},{"taxonomy":"post_tag","embeddable":true,"href":"https:\/\/milenavillamil.com\/index.php\/wp-json\/wp\/v2\/tags?post=2557"}],"curies":[{"name":"wp","href":"https:\/\/api.w.org\/{rel}","templated":true}]}}