{"id":2858,"date":"2023-02-02T10:36:30","date_gmt":"2023-02-02T10:36:30","guid":{"rendered":"https:\/\/milenavillamil.com\/?p=2858"},"modified":"2023-07-23T16:56:21","modified_gmt":"2023-07-23T16:56:21","slug":"terapeuta-alternativa-emocional","status":"publish","type":"post","link":"https:\/\/milenavillamil.com\/index.php\/2023\/02\/02\/terapeuta-alternativa-emocional\/","title":{"rendered":"Terapeuta alternativa Emocional"},"content":{"rendered":"<p>[et_pb_section fb_built=\u00bb1&#8243; _builder_version=\u00bb4.21.0&#8243; _module_preset=\u00bbdefault\u00bb global_colors_info=\u00bb{}\u00bb][et_pb_row _builder_version=\u00bb4.21.0&#8243; _module_preset=\u00bbdefault\u00bb global_colors_info=\u00bb{}\u00bb][et_pb_column type=\u00bb4_4&#8243; _builder_version=\u00bb4.21.0&#8243; _module_preset=\u00bbdefault\u00bb global_colors_info=\u00bb{}\u00bb][et_pb_testimonial author=\u00bbMilena Villamil\u00bb portrait_url=\u00bbhttps:\/\/milenavillamil.com\/wp-content\/uploads\/2023\/07\/17bd8-sin-titulo-3_1.jpg\u00bb _builder_version=\u00bb4.21.0&#8243; _module_preset=\u00bbdefault\u00bb global_colors_info=\u00bb{}\u00bb]<\/p>\n<p>Como terapeuta alternativa profesional, respeto el campo laboral de <a href=\"mailto:psicolog@s,\">psicolog@s,<\/a> psiquiatras y dem\u00e1s profesiones de salud mental.<\/p>\n<p>Por ende n\u00fanca me meto a trabajar cosas que no me competen.<\/p>\n<p>Soy sobreviviente del \u00abcancer mental (depresi\u00f3n y ansiedad)\u00bb, fui victima de profesionales sin escr\u00fapulos que con t\u00e9cnicas no adecuadas me hicieron da\u00f1o en mi vida emocional, en empat\u00eda y amor busco honrar\u00a0 la confianza de la salud mental y emocional de quienes acuden a mis servicios.<\/p>\n<p>En integridad de lo que funciona en mi proceso llamado vida, y lo que he estudiado en las diferentes t\u00e9cnicas, busco trabajar en excelencia para el bien com\u00fan de quienes requieren mis servicios.<\/p>\n<p>Creo y siento\u00a0 firmemente que sigo sanando a trav\u00e9s de las personas con las que trabajo.<\/p>\n<p>&nbsp;<\/p>\n<p>La terapia no suple un tratamiento psicol\u00f3gico, medica o de \u00edndole religioso, es una herramienta aleatoria que apoya dichos procesos cuando el cliente los requiere .<\/p>\n<p>[\/et_pb_testimonial][\/et_pb_column][\/et_pb_row][et_pb_row column_structure=\u00bb2_5,3_5&#8243; _builder_version=\u00bb4.21.0&#8243; _module_preset=\u00bbdefault\u00bb global_colors_info=\u00bb{}\u00bb][et_pb_column type=\u00bb2_5&#8243; _builder_version=\u00bb4.21.0&#8243; _module_preset=\u00bbdefault\u00bb global_colors_info=\u00bb{}\u00bb][et_pb_image src=\u00bbhttps:\/\/milenavillamil.com\/wp-content\/uploads\/2023\/07\/3e8a9-sobre-mi-3.jpg\u00bb title_text=\u00bb3e8a9-sobre-mi-3&#8243; _builder_version=\u00bb4.21.0&#8243; _module_preset=\u00bbdefault\u00bb min_height=\u00bb226px\u00bb global_colors_info=\u00bb{}\u00bb][\/et_pb_image][\/et_pb_column][et_pb_column type=\u00bb3_5&#8243; _builder_version=\u00bb4.21.0&#8243; _module_preset=\u00bbdefault\u00bb global_colors_info=\u00bb{}\u00bb][et_pb_text _builder_version=\u00bb4.21.0&#8243; _module_preset=\u00bbdefault\u00bb global_colors_info=\u00bb{}\u00bb]<\/p>\n<p><span>Terapeuta es aquella persona con habilidades especiales obtenidas a trav\u00e9s de la formaci\u00f3n y de la experiencia, en mi caso he buscado especializarme en el area emocional y programaci\u00f3n neurolinguistica.<\/span><\/p>\n<p style=\"text-align: justify;\">El proceso de sanaci\u00f3n de percepci\u00f3n es un camino que es de disciplina y de un habito de limpieza mental, para que pueda tener resultados, en la transformac\u00f3n de vida de quien elije trabajar en su ser.\u00a0<\/p>\n<p><span><\/span><\/p>\n<p>[\/et_pb_text][\/et_pb_column][\/et_pb_row][et_pb_row _builder_version=\u00bb4.21.0&#8243; _module_preset=\u00bbdefault\u00bb global_colors_info=\u00bb{}\u00bb][et_pb_column type=\u00bb4_4&#8243; _builder_version=\u00bb4.21.0&#8243; _module_preset=\u00bbdefault\u00bb global_colors_info=\u00bb{}\u00bb][et_pb_text _builder_version=\u00bb4.21.0&#8243; _module_preset=\u00bbdefault\u00bb global_colors_info=\u00bb{}\u00bb]<\/p>\n<h2><span>\u00bfQu\u00e9 son las terapias alternativas?<\/span><\/h2>\n<p><b>\u00a0<\/b><br \/><span>Se puede definir las terapias alternativas como aquellas t\u00e9cnicas, elementos y m\u00e9todos que son\u00a0 complementarias para la sanacion de percepcion de heridas emocionales, se escapan del enfoque tradiciomal est\u00e1ndar de la medicina mental.<br \/><b>\u00a0<\/b><br \/>El objetivo de las terapias alternativass es mejorar la calidad de vida emocional del cliente.<br \/><b>\u00a0<\/b><br \/>Las terapias alternativas pueden abordar distintos enfoques, t\u00e9cnicas y campos holisticos entre otros.<br \/><b>\u00a0<\/b><\/span><\/p>\n<p>[\/et_pb_text][\/et_pb_column][\/et_pb_row][et_pb_row _builder_version=\u00bb4.21.0&#8243; _module_preset=\u00bbdefault\u00bb global_colors_info=\u00bb{}\u00bb][et_pb_column type=\u00bb4_4&#8243; _builder_version=\u00bb4.21.0&#8243; _module_preset=\u00bbdefault\u00bb global_colors_info=\u00bb{}\u00bb][et_pb_image src=\u00bbhttps:\/\/milenavillamil.com\/wp-content\/uploads\/2023\/07\/retrato-mujer-joven-hermosa-gesticulando-scaled.jpg\u00bb title_text=\u00bbI love myself. Pretty smiling woman embraces herself gently, expresses self love, keeps eyes closed with pleasure, feels comfortable and fullfilled, being egoistic person, isolated on brown background\u00bb _builder_version=\u00bb4.21.0&#8243; _module_preset=\u00bbdefault\u00bb global_colors_info=\u00bb{}\u00bb][\/et_pb_image][et_pb_text _builder_version=\u00bb4.21.0&#8243; _module_preset=\u00bbdefault\u00bb global_colors_info=\u00bb{}\u00bb]<\/p>\n<h2><span>\u00bfPara qu\u00e9 sirven las terapias alternativas?<\/span><\/h2>\n<p><b>\u00a0<\/b><br \/><span>Las terapias alternativas son una opci\u00f3n para trabajar en el bien-estar emocional y menta; viendo sus ben\u00e9fecios en sus cambios fisicos y entorno en su relaci\u00f3n personal y con las dem\u00e1s personas de su entorno. es<\/span><span style=\"font-size: 14px;\">\u00a0una forma de integrar otros aspectos al proceso de sanaci\u00f3n.<\/span><\/p>\n<p><span><b>\u00a0<\/b>Dentro de la visi\u00f3n hol\u00edstica del ser humano, entendemos las enfermedades y afecciones f\u00edsicas como un reflejo de nuestro mundo interno, de la mente y el esp\u00edritu.<br \/><b>\u00a0<\/b><br \/>Somos unas m\u00e1quinas perfectas, as\u00ed que cuando nos enfermamos, el cuerpo y la mente est\u00e1n tratando de decirnos que hay algo que hemos descuidado.<br \/><b>\u00a0<\/b><\/span><\/p>\n<p>&nbsp;<\/p>\n<p>[\/et_pb_text][\/et_pb_column][\/et_pb_row][et_pb_row _builder_version=\u00bb4.21.0&#8243; _module_preset=\u00bbdefault\u00bb][et_pb_column _builder_version=\u00bb4.21.0&#8243; _module_preset=\u00bbdefault\u00bb type=\u00bb4_4&#8243;][et_pb_button button_text=\u00bbConoce las T\u00e9cnicas como terapeuta alternativa\u00bb _builder_version=\u00bb4.21.0&#8243; _module_preset=\u00bbdefault\u00bb custom_button=\u00bbon\u00bb button_text_color=\u00bb#0C71C3&#8243; hover_enabled=\u00bb0&#8243; sticky_enabled=\u00bb0&#8243; button_url=\u00bbhttps:\/\/milenavillamil.com\/index.php\/2023\/02\/02\/tecnicas-como-terapeuta-alternativa\/\u00bb][\/et_pb_button][\/et_pb_column][\/et_pb_row][\/et_pb_section]<\/p>\n","protected":false},"excerpt":{"rendered":"<p>Como terapeuta alternativa profesional, respeto el campo laboral de psicolog@s, psiquiatras y dem\u00e1s profesiones de salud mental. Por ende n\u00fanca me meto a trabajar cosas que no me competen. Soy sobreviviente del \u00abcancer mental (depresi\u00f3n y ansiedad)\u00bb, fui victima de profesionales sin escr\u00fapulos que con t\u00e9cnicas no adecuadas me hicieron da\u00f1o en mi vida emocional, [&hellip;]<\/p>\n","protected":false},"author":2,"featured_media":4007,"comment_status":"open","ping_status":"open","sticky":false,"template":"","format":"standard","meta":{"_et_pb_use_builder":"on","_et_pb_old_content":"<!-- wp:paragraph -->\n<p>El perd\u00f3n es un arte de bien estar, donde cambio mi percepci\u00f3n, elijo darme valor y poder continuar en mi vida sin el peso que genera el estar atrapada en lo que la otra persona haya hecho, no me lo hizo a m\u00ed se lo hizo a ella misma, que al ser mi espejo y reflejar mi herida interna me incomoda y esto me lleva a sentir dolor.<\/p>\n<!-- \/wp:paragraph -->\n\n<!-- wp:paragraph -->\n<p>Existen 4 peque\u00f1os obst\u00e1culos para perdonar<\/p>\n<!-- \/wp:paragraph -->\n\n<!-- wp:paragraph -->\n<p>1. El resentimiento (re-sentir el sentimiento)<\/p>\n<!-- \/wp:paragraph -->\n\n<!-- wp:paragraph -->\n<p>2. La culpa (la expectativa no cumplida)<\/p>\n<!-- \/wp:paragraph -->\n\n<!-- wp:paragraph -->\n<p>3. El miedo (la percepci\u00f3n de algo que no me atrevo)<\/p>\n<!-- \/wp:paragraph -->\n\n<!-- wp:paragraph -->\n<p>4. La critica (el juzgar desde la exigencia y no permitirme auto indagarme).<\/p>\n<!-- \/wp:paragraph -->\n\n<!-- wp:paragraph -->\n<p><br>\u00bfRequieres acompa\u00f1amiento profesional desde el coaching ontol\u00f3gico?, cuenta conmigo.<\/p>\n<!-- \/wp:paragraph -->","_et_gb_content_width":"","footnotes":""},"categories":[36],"tags":[],"class_list":["post-2858","post","type-post","status-publish","format-standard","has-post-thumbnail","hentry","category-terapeuta-alternativa"],"_links":{"self":[{"href":"https:\/\/milenavillamil.com\/index.php\/wp-json\/wp\/v2\/posts\/2858","targetHints":{"allow":["GET"]}}],"collection":[{"href":"https:\/\/milenavillamil.com\/index.php\/wp-json\/wp\/v2\/posts"}],"about":[{"href":"https:\/\/milenavillamil.com\/index.php\/wp-json\/wp\/v2\/types\/post"}],"author":[{"embeddable":true,"href":"https:\/\/milenavillamil.com\/index.php\/wp-json\/wp\/v2\/users\/2"}],"replies":[{"embeddable":true,"href":"https:\/\/milenavillamil.com\/index.php\/wp-json\/wp\/v2\/comments?post=2858"}],"version-history":[{"count":13,"href":"https:\/\/milenavillamil.com\/index.php\/wp-json\/wp\/v2\/posts\/2858\/revisions"}],"predecessor-version":[{"id":4060,"href":"https:\/\/milenavillamil.com\/index.php\/wp-json\/wp\/v2\/posts\/2858\/revisions\/4060"}],"wp:featuredmedia":[{"embeddable":true,"href":"https:\/\/milenavillamil.com\/index.php\/wp-json\/wp\/v2\/media\/4007"}],"wp:attachment":[{"href":"https:\/\/milenavillamil.com\/index.php\/wp-json\/wp\/v2\/media?parent=2858"}],"wp:term":[{"taxonomy":"category","embeddable":true,"href":"https:\/\/milenavillamil.com\/index.php\/wp-json\/wp\/v2\/categories?post=2858"},{"taxonomy":"post_tag","embeddable":true,"href":"https:\/\/milenavillamil.com\/index.php\/wp-json\/wp\/v2\/tags?post=2858"}],"curies":[{"name":"wp","href":"https:\/\/api.w.org\/{rel}","templated":true}]}}