{"id":3555,"date":"2022-04-09T16:51:09","date_gmt":"2022-04-09T16:51:09","guid":{"rendered":"https:\/\/milenavillamil.com\/?p=2844"},"modified":"2023-07-19T23:53:14","modified_gmt":"2023-07-19T23:53:14","slug":"invitaciones-a-programas-de-radio-2","status":"publish","type":"post","link":"https:\/\/milenavillamil.com\/index.php\/2022\/04\/09\/invitaciones-a-programas-de-radio-2\/","title":{"rendered":"Invitaciones a programas de radio"},"content":{"rendered":"\n\n\n[et_pb_section fb_built=\u00bb1&#8243; _builder_version=\u00bb3.22&#8243; custom_padding=\u00bb55px||0px|||\u00bb global_colors_info=\u00bb{}\u00bb][et_pb_row _builder_version=\u00bb4.10.3&#8243; _module_preset=\u00bbdefault\u00bb global_colors_info=\u00bb{}\u00bb][et_pb_column type=\u00bb4_4&#8243; _builder_version=\u00bb4.10.3&#8243; _module_preset=\u00bbdefault\u00bb global_colors_info=\u00bb{}\u00bb][et_pb_text _builder_version=\u00bb4.10.3&#8243; _module_preset=\u00bbdefault\u00bb global_colors_info=\u00bb{}\u00bb]<p>Es gratificante en mis rolls profesionales ser invitada a programas de radio llegando as\u00ed a muchas personas de diferentes ideologias aportando mi percepci\u00f3n, sabiendo que no soy la due\u00f1a de la verdad y que sin embargo estos espacios me permiten crecer no solo en mi roll profesional sino tambi\u00e9n en mi ser.<\/p>\n<p>Siempre agradecida por estos espacios que he vivido y de antemano por los que seguire viviendo.<\/p>\n<p>&nbsp;<\/p>[\/et_pb_text][\/et_pb_column][\/et_pb_row][\/et_pb_section][et_pb_section fb_built=\u00bb1&#8243; _builder_version=\u00bb4.10.3&#8243; custom_padding=\u00bb4px||1px|||\u00bb global_colors_info=\u00bb{}\u00bb][et_pb_row _builder_version=\u00bb4.9.9&#8243; _module_preset=\u00bbdefault\u00bb global_colors_info=\u00bb{}\u00bb][et_pb_column type=\u00bb4_4&#8243; _builder_version=\u00bb4.9.9&#8243; _module_preset=\u00bbdefault\u00bb global_colors_info=\u00bb{}\u00bb][et_pb_text _builder_version=\u00bb4.10.3&#8243; _module_preset=\u00bbdefault\u00bb global_colors_info=\u00bb{}\u00bb]<p>14\/09\/2021 tema la familia Radio luz en Colombia programa TU VOZ EN FAMILIA<\/p>[\/et_pb_text][\/et_pb_column][\/et_pb_row][et_pb_row _builder_version=\u00bb4.10.3&#8243; _module_preset=\u00bbdefault\u00bb global_colors_info=\u00bb{}\u00bb][et_pb_column type=\u00bb4_4&#8243; _builder_version=\u00bb4.10.3&#8243; _module_preset=\u00bbdefault\u00bb global_colors_info=\u00bb{}\u00bb][et_pb_button button_url=\u00bbhttps:\/\/www.facebook.com\/radioluzenColombia\/videos\/1190823641328563&#8243; url_new_window=\u00bbon\u00bb button_text=\u00bbve a a mirar este programa \u00bb _builder_version=\u00bb4.10.3&#8243; _module_preset=\u00bbdefault\u00bb global_colors_info=\u00bb{}\u00bb][\/et_pb_button][\/et_pb_column][\/et_pb_row][\/et_pb_section][et_pb_section fb_built=\u00bb1&#8243; _builder_version=\u00bb4.10.3&#8243; custom_padding=\u00bb14px||2px|||\u00bb global_colors_info=\u00bb{}\u00bb][et_pb_row _builder_version=\u00bb4.9.9&#8243; _module_preset=\u00bbdefault\u00bb global_colors_info=\u00bb{}\u00bb][et_pb_column type=\u00bb4_4&#8243; _builder_version=\u00bb4.9.9&#8243; _module_preset=\u00bbdefault\u00bb global_colors_info=\u00bb{}\u00bb][et_pb_text _builder_version=\u00bb4.10.3&#8243; _module_preset=\u00bbdefault\u00bb global_colors_info=\u00bb{}\u00bb]<p>21\/09\/2021 tema El arte de educar: De padres a hijos Radio luz en Colombia programa TU VOZ EN FAMILIA<\/p>[\/et_pb_text][\/et_pb_column][\/et_pb_row][et_pb_row _builder_version=\u00bb4.10.3&#8243; _module_preset=\u00bbdefault\u00bb global_colors_info=\u00bb{}\u00bb][et_pb_column type=\u00bb4_4&#8243; _builder_version=\u00bb4.10.3&#8243; _module_preset=\u00bbdefault\u00bb global_colors_info=\u00bb{}\u00bb][et_pb_button button_url=\u00bbhttps:\/\/www.facebook.com\/radioluzenColombia\/videos\/3026015537640471&#8243; url_new_window=\u00bbon\u00bb button_text=\u00bbve a a mirar este programa \u00bb _builder_version=\u00bb4.10.3&#8243; _module_preset=\u00bbdefault\u00bb global_colors_info=\u00bb{}\u00bb][\/et_pb_button][\/et_pb_column][\/et_pb_row][\/et_pb_section][et_pb_section fb_built=\u00bb1&#8243; _builder_version=\u00bb4.10.3&#8243; custom_padding=\u00bb0px||1px|||\u00bb global_colors_info=\u00bb{}\u00bb][et_pb_row _builder_version=\u00bb4.10.3&#8243; _module_preset=\u00bbdefault\u00bb global_colors_info=\u00bb{}\u00bb][et_pb_column type=\u00bb4_4&#8243; _builder_version=\u00bb4.9.9&#8243; _module_preset=\u00bbdefault\u00bb global_colors_info=\u00bb{}\u00bb][et_pb_text _builder_version=\u00bb4.10.3&#8243; _module_preset=\u00bbdefault\u00bb global_colors_info=\u00bb{}\u00bb]<p>28\/09\/2021 tema \u00bfEstoy enfocado en mi rol como padre o madre? Radio luz en Colombia programa TU VOZ EN FAMILIA<\/p>[\/et_pb_text][\/et_pb_column][\/et_pb_row][et_pb_row _builder_version=\u00bb4.10.3&#8243; _module_preset=\u00bbdefault\u00bb global_colors_info=\u00bb{}\u00bb][et_pb_column type=\u00bb4_4&#8243; _builder_version=\u00bb4.10.3&#8243; _module_preset=\u00bbdefault\u00bb global_colors_info=\u00bb{}\u00bb][et_pb_button button_url=\u00bbhttps:\/\/www.facebook.com\/radioluzenColombia\/videos\/4439386136179123&#8243; url_new_window=\u00bbon\u00bb button_text=\u00bbve a a mirar este programa \u00bb _builder_version=\u00bb4.10.3&#8243; _module_preset=\u00bbdefault\u00bb global_colors_info=\u00bb{}\u00bb][\/et_pb_button][\/et_pb_column][\/et_pb_row][\/et_pb_section][et_pb_section fb_built=\u00bb1&#8243; _builder_version=\u00bb4.10.3&#8243; custom_padding=\u00bb8px||14px|||\u00bb global_colors_info=\u00bb{}\u00bb][et_pb_row _builder_version=\u00bb4.10.3&#8243; _module_preset=\u00bbdefault\u00bb global_colors_info=\u00bb{}\u00bb][et_pb_column type=\u00bb4_4&#8243; _builder_version=\u00bb4.9.9&#8243; _module_preset=\u00bbdefault\u00bb global_colors_info=\u00bb{}\u00bb][et_pb_text _builder_version=\u00bb4.10.3&#8243; _module_preset=\u00bbdefault\u00bb global_colors_info=\u00bb{}\u00bb]<p>12\/10\/2021 tema salud mental Radio luz en Colombia programa TU VOZ EN FAMILIA<\/p>[\/et_pb_text][\/et_pb_column][\/et_pb_row][et_pb_row _builder_version=\u00bb4.10.3&#8243; _module_preset=\u00bbdefault\u00bb global_colors_info=\u00bb{}\u00bb][et_pb_column type=\u00bb4_4&#8243; _builder_version=\u00bb4.10.3&#8243; _module_preset=\u00bbdefault\u00bb global_colors_info=\u00bb{}\u00bb][et_pb_button button_url=\u00bbhttps:\/\/www.facebook.com\/radioluzenColombia\/videos\/1519235371781955&#8243; url_new_window=\u00bbon\u00bb button_text=\u00bbve a a mirar este programa \u00bb _builder_version=\u00bb4.10.3&#8243; _module_preset=\u00bbdefault\u00bb global_colors_info=\u00bb{}\u00bb][\/et_pb_button][\/et_pb_column][\/et_pb_row][\/et_pb_section][et_pb_section fb_built=\u00bb1&#8243; _builder_version=\u00bb4.10.3&#8243; min_height=\u00bb98.5px\u00bb custom_padding=\u00bb4px||5px|||\u00bb global_colors_info=\u00bb{}\u00bb][et_pb_row _builder_version=\u00bb4.10.3&#8243; _module_preset=\u00bbdefault\u00bb global_colors_info=\u00bb{}\u00bb][et_pb_column type=\u00bb4_4&#8243; _builder_version=\u00bb4.9.9&#8243; _module_preset=\u00bbdefault\u00bb global_colors_info=\u00bb{}\u00bb][et_pb_text _builder_version=\u00bb4.10.3&#8243; _module_preset=\u00bbdefault\u00bb global_colors_info=\u00bb{}\u00bb]<p>16\/11\/2021 tema ejercicios para ntra salud mental Radio luz en Colombia programa TU VOZ EN FAMILIA<\/p>[\/et_pb_text][\/et_pb_column][\/et_pb_row][et_pb_row _builder_version=\u00bb4.10.3&#8243; _module_preset=\u00bbdefault\u00bb global_colors_info=\u00bb{}\u00bb][et_pb_column type=\u00bb4_4&#8243; _builder_version=\u00bb4.10.3&#8243; _module_preset=\u00bbdefault\u00bb global_colors_info=\u00bb{}\u00bb][et_pb_button button_url=\u00bbhttps:\/\/www.facebook.com\/radioluzenColombia\/videos\/880850652799535&#8243; url_new_window=\u00bbon\u00bb button_text=\u00bbve a a mirar este programa \u00bb _builder_version=\u00bb4.10.3&#8243; _module_preset=\u00bbdefault\u00bb global_colors_info=\u00bb{}\u00bb][\/et_pb_button][\/et_pb_column][\/et_pb_row][\/et_pb_section][et_pb_section fb_built=\u00bb1&#8243; _builder_version=\u00bb4.10.3&#8243; custom_padding=\u00bb2px||0px|||\u00bb global_colors_info=\u00bb{}\u00bb][et_pb_row _builder_version=\u00bb4.10.3&#8243; _module_preset=\u00bbdefault\u00bb global_colors_info=\u00bb{}\u00bb][et_pb_column type=\u00bb4_4&#8243; _builder_version=\u00bb4.9.9&#8243; _module_preset=\u00bbdefault\u00bb global_colors_info=\u00bb{}\u00bb][et_pb_text _builder_version=\u00bb4.10.3&#8243; _module_preset=\u00bbdefault\u00bb global_colors_info=\u00bb{}\u00bb]<p>02\/03\/2022 tema analiza tus h\u00e1bitos del programa solo por hoy de Berea Radio Sudam\u00e9rica.<\/p>[\/et_pb_text][\/et_pb_column][\/et_pb_row][et_pb_row _builder_version=\u00bb4.10.3&#8243; _module_preset=\u00bbdefault\u00bb global_colors_info=\u00bb{}\u00bb][et_pb_column type=\u00bb4_4&#8243; _builder_version=\u00bb4.10.3&#8243; _module_preset=\u00bbdefault\u00bb global_colors_info=\u00bb{}\u00bb][et_pb_button button_url=\u00bbhttps:\/\/www.facebook.com\/BereaRadioSudamerica\/videos\/3295745754079905&#8243; url_new_window=\u00bbon\u00bb button_text=\u00bbve a a mirar este programa \u00bb _builder_version=\u00bb4.10.3&#8243; _module_preset=\u00bbdefault\u00bb global_colors_info=\u00bb{}\u00bb][\/et_pb_button][\/et_pb_column][\/et_pb_row][\/et_pb_section][et_pb_section fb_built=\u00bb1&#8243; _builder_version=\u00bb4.10.3&#8243; custom_padding=\u00bb5px||1px|||\u00bb global_colors_info=\u00bb{}\u00bb][et_pb_row _builder_version=\u00bb4.10.3&#8243; _module_preset=\u00bbdefault\u00bb global_colors_info=\u00bb{}\u00bb][et_pb_column type=\u00bb4_4&#8243; _builder_version=\u00bb4.9.9&#8243; _module_preset=\u00bbdefault\u00bb global_colors_info=\u00bb{}\u00bb][et_pb_text _builder_version=\u00bb4.10.3&#8243; _module_preset=\u00bbdefault\u00bb global_colors_info=\u00bb{}\u00bb]<p>30\/03\/2022 tema perdona y perdonate del programa solo por hoy de Berea Radio Sudam\u00e9rica.<\/p>[\/et_pb_text][\/et_pb_column][\/et_pb_row][et_pb_row _builder_version=\u00bb4.10.3&#8243; _module_preset=\u00bbdefault\u00bb global_colors_info=\u00bb{}\u00bb][et_pb_column type=\u00bb4_4&#8243; _builder_version=\u00bb4.10.3&#8243; _module_preset=\u00bbdefault\u00bb global_colors_info=\u00bb{}\u00bb][et_pb_button button_url=\u00bbhttps:\/\/www.facebook.com\/BereaRadioSudamerica\/videos\/1017170029221190&#8243; url_new_window=\u00bbon\u00bb button_text=\u00bbve a a mirar este programa \u00bb _builder_version=\u00bb4.10.3&#8243; _module_preset=\u00bbdefault\u00bb global_colors_info=\u00bb{}\u00bb][\/et_pb_button][\/et_pb_column][\/et_pb_row][\/et_pb_section][et_pb_section fb_built=\u00bb1&#8243; _builder_version=\u00bb4.10.3&#8243; custom_padding=\u00bb5px||1px|||\u00bb global_colors_info=\u00bb{}\u00bb][et_pb_row _builder_version=\u00bb4.10.3&#8243; _module_preset=\u00bbdefault\u00bb hover_enabled=\u00bb0&#8243; global_colors_info=\u00bb{}\u00bb sticky_enabled=\u00bb0&#8243;][et_pb_column type=\u00bb4_4&#8243; _builder_version=\u00bb4.9.9&#8243; _module_preset=\u00bbdefault\u00bb global_colors_info=\u00bb{}\u00bb][et_pb_text _builder_version=\u00bb4.10.3&#8243; _module_preset=\u00bbdefault\u00bb global_colors_info=\u00bb{}\u00bb]<p>13\/04\/2022 tema las discusiones\u00a0 del programa solo por hoy de Berea Radio Sudam\u00e9rica.<\/p>[\/et_pb_text][\/et_pb_column][\/et_pb_row][et_pb_row _builder_version=\u00bb4.10.3&#8243; _module_preset=\u00bbdefault\u00bb global_colors_info=\u00bb{}\u00bb][et_pb_column type=\u00bb4_4&#8243; _builder_version=\u00bb4.10.3&#8243; _module_preset=\u00bbdefault\u00bb global_colors_info=\u00bb{}\u00bb][et_pb_button button_url=\u00bbhttps:\/\/www.facebook.com\/BereaRadioSudamerica\/videos\/669173210961650&#8243; url_new_window=\u00bbon\u00bb button_text=\u00bbve a a mirar este programa \u00bb _builder_version=\u00bb4.10.3&#8243; _module_preset=\u00bbdefault\u00bb hover_enabled=\u00bb0&#8243; global_colors_info=\u00bb{}\u00bb sticky_enabled=\u00bb0&#8243;][\/et_pb_button][\/et_pb_column][\/et_pb_row][\/et_pb_section]\n\n\n","protected":false},"excerpt":{"rendered":"<p>Es gratificante en mis rolls profesionales ser invitada a programas de radio llegando as\u00ed a muchas personas de diferentes ideologias aportando mi percepci\u00f3n, sabiendo que no soy la due\u00f1a de la verdad y que sin embargo estos espacios me permiten crecer no solo en mi roll profesional sino tambi\u00e9n en mi ser. Siempre agradecida por [&hellip;]<\/p>\n","protected":false},"author":4,"featured_media":3373,"comment_status":"open","ping_status":"open","sticky":false,"template":"","format":"standard","meta":{"_et_pb_use_builder":"on","_et_pb_old_content":"","_et_gb_content_width":"","footnotes":""},"categories":[14],"tags":[],"class_list":["post-3555","post","type-post","status-publish","format-standard","has-post-thumbnail","hentry","category-invitaciones"],"_links":{"self":[{"href":"https:\/\/milenavillamil.com\/index.php\/wp-json\/wp\/v2\/posts\/3555","targetHints":{"allow":["GET"]}}],"collection":[{"href":"https:\/\/milenavillamil.com\/index.php\/wp-json\/wp\/v2\/posts"}],"about":[{"href":"https:\/\/milenavillamil.com\/index.php\/wp-json\/wp\/v2\/types\/post"}],"author":[{"embeddable":true,"href":"https:\/\/milenavillamil.com\/index.php\/wp-json\/wp\/v2\/users\/4"}],"replies":[{"embeddable":true,"href":"https:\/\/milenavillamil.com\/index.php\/wp-json\/wp\/v2\/comments?post=3555"}],"version-history":[{"count":1,"href":"https:\/\/milenavillamil.com\/index.php\/wp-json\/wp\/v2\/posts\/3555\/revisions"}],"predecessor-version":[{"id":3577,"href":"https:\/\/milenavillamil.com\/index.php\/wp-json\/wp\/v2\/posts\/3555\/revisions\/3577"}],"wp:featuredmedia":[{"embeddable":true,"href":"https:\/\/milenavillamil.com\/index.php\/wp-json\/wp\/v2\/media\/3373"}],"wp:attachment":[{"href":"https:\/\/milenavillamil.com\/index.php\/wp-json\/wp\/v2\/media?parent=3555"}],"wp:term":[{"taxonomy":"category","embeddable":true,"href":"https:\/\/milenavillamil.com\/index.php\/wp-json\/wp\/v2\/categories?post=3555"},{"taxonomy":"post_tag","embeddable":true,"href":"https:\/\/milenavillamil.com\/index.php\/wp-json\/wp\/v2\/tags?post=3555"}],"curies":[{"name":"wp","href":"https:\/\/api.w.org\/{rel}","templated":true}]}}