{"id":3670,"date":"2020-12-03T17:54:08","date_gmt":"2020-12-03T17:54:08","guid":{"rendered":"https:\/\/milenavillamilrincon.wordpress.com\/?p=12"},"modified":"2023-07-22T17:22:09","modified_gmt":"2023-07-22T17:22:09","slug":"example-post-4","status":"publish","type":"post","link":"https:\/\/milenavillamil.com\/index.php\/2020\/12\/03\/example-post-4\/","title":{"rendered":"\u00a1 Hola! mucho gusto"},"content":{"rendered":"\n[et_pb_section fb_built=\u00bb1&#8243; _builder_version=\u00bb4.16&#8243; global_colors_info=\u00bb{}\u00bb][et_pb_row _builder_version=\u00bb4.21.0&#8243; _module_preset=\u00bbdefault\u00bb column_structure=\u00bb1_4,3_4&#8243;][et_pb_column _builder_version=\u00bb4.21.0&#8243; _module_preset=\u00bbdefault\u00bb type=\u00bb1_4&#8243;][et_pb_image src=\u00bbhttps:\/\/milenavillamil.com\/wp-content\/uploads\/2023\/07\/entero.png\u00bb _builder_version=\u00bb4.21.0&#8243; _module_preset=\u00bbdefault\u00bb title_text=\u00bbentero\u00bb hover_enabled=\u00bb0&#8243; sticky_enabled=\u00bb0&#8243; custom_padding=\u00bb|0px|84px|||\u00bb min_height=\u00bb368.1px\u00bb][\/et_pb_image][\/et_pb_column][et_pb_column _builder_version=\u00bb4.21.0&#8243; _module_preset=\u00bbdefault\u00bb type=\u00bb3_4&#8243;][et_pb_text _builder_version=\u00bb4.21.0&#8243; _module_preset=\u00bbdefault\u00bb hover_enabled=\u00bb0&#8243; sticky_enabled=\u00bb0&#8243;]<p>Hola gracias por estar en mi blog\u00a0<\/p>\n<p>Espero de sincero coraz\u00f3n que puedas conectar con mis escritos, sin ser la due\u00f1a de la raz\u00f3n de la verdad solo un ser que busca compartir su observador.<\/p>\n<p>\u00a0Espero que mis escritos puedan atravesar barreras de distancia tiempo y cultura.<\/p>\n<p>\u00a0Gracias por tomarte el tiempo darme y compartir tu vida a trav\u00e9s de la lectura; quien sea que tengas como fuente en tu vida ya le llames \u00abDios, universo, teor\u00eda del bigbag o lo que t\u00fa creas\u00bb, te deseo que te bendiga te gu\u00ede te guarde te prospere y permita que el amor reine en tu coraz\u00f3n<\/p>\n<p>\u00a0atentamente<\/p>\n<p>\u00a0claudia Milena villamil Rinc\u00f3n<\/p>\n<p>un ser en transformaci\u00f3n<\/p>[\/et_pb_text][\/et_pb_column][\/et_pb_row][\/et_pb_section]\n","protected":false},"excerpt":{"rendered":"<p>Hola gracias por estar en mi blog\u00a0 Espero de sincero coraz\u00f3n que puedas conectar con mis escritos, sin ser la due\u00f1a de la raz\u00f3n de la verdad solo un ser que busca compartir su observador. \u00a0Espero que mis escritos puedan atravesar barreras de distancia tiempo y cultura. \u00a0Gracias por tomarte el tiempo darme y compartir [&hellip;]<\/p>\n","protected":false},"author":2,"featured_media":3859,"comment_status":"open","ping_status":"open","sticky":false,"template":"","format":"standard","meta":{"_et_pb_use_builder":"on","_et_pb_old_content":"<!-- wp:paragraph {\"backgroundColor\":\"cyan-bluish-gray\",\"textColor\":\"black\",\"fontSize\":\"medium\"} -->\n<p class=\"has-black-color has-cyan-bluish-gray-background-color has-text-color has-background has-medium-font-size\">Hola gracias por estar en mi blog <\/p>\n<!-- \/wp:paragraph -->\n\n<!-- wp:paragraph {\"backgroundColor\":\"cyan-bluish-gray\",\"textColor\":\"black\",\"fontSize\":\"medium\"} -->\n<p class=\"has-black-color has-cyan-bluish-gray-background-color has-text-color has-background has-medium-font-size\">Espero de sincero coraz\u00f3n que puedas conectar con mis escritos, sin ser la due\u00f1a de la raz\u00f3n de la verdad solo un ser que busca compartir su observador.<\/p>\n<!-- \/wp:paragraph -->\n\n<!-- wp:paragraph {\"backgroundColor\":\"cyan-bluish-gray\",\"textColor\":\"black\",\"fontSize\":\"medium\"} -->\n<p class=\"has-black-color has-cyan-bluish-gray-background-color has-text-color has-background has-medium-font-size\">Espero que mis escritos puedan atravesar barreras de distancia tiempo y cultura.<\/p>\n<!-- \/wp:paragraph -->\n\n<!-- wp:paragraph {\"backgroundColor\":\"cyan-bluish-gray\",\"textColor\":\"black\",\"fontSize\":\"medium\"} -->\n<p class=\"has-black-color has-cyan-bluish-gray-background-color has-text-color has-background has-medium-font-size\">Gracias por tomarte el tiempo darme y compartir tu vida a trav\u00e9s de la lectura;  quien sea que tengas como fuente en tu vida ya le llames \"Dios, universo, teor\u00eda del bigbag o lo que t\u00fa creas\", te deseo que te bendiga te gu\u00ede te guarde te prospere y permita que el amor reine en tu coraz\u00f3n<\/p>\n<!-- \/wp:paragraph -->\n\n<!-- wp:paragraph {\"backgroundColor\":\"cyan-bluish-gray\",\"textColor\":\"black\",\"fontSize\":\"medium\"} -->\n<p class=\"has-black-color has-cyan-bluish-gray-background-color has-text-color has-background has-medium-font-size\"> atentamente <\/p>\n<!-- \/wp:paragraph -->\n\n<!-- wp:paragraph {\"backgroundColor\":\"cyan-bluish-gray\",\"textColor\":\"black\",\"fontSize\":\"medium\"} -->\n<p class=\"has-black-color has-cyan-bluish-gray-background-color has-text-color has-background has-medium-font-size\">claudia Milena villamil Rinc\u00f3n                                                    un ser en transformaci\u00f3n<\/p>\n<!-- \/wp:paragraph -->\n\n<!-- wp:paragraph {\"backgroundColor\":\"cyan-bluish-gray\",\"textColor\":\"black\",\"fontSize\":\"medium\"} -->\n<p class=\"has-black-color has-cyan-bluish-gray-background-color has-text-color has-background has-medium-font-size\"><\/p>\n<!-- \/wp:paragraph -->","_et_gb_content_width":"","footnotes":""},"categories":[1],"tags":[],"class_list":["post-3670","post","type-post","status-publish","format-standard","has-post-thumbnail","hentry","category-blog"],"_links":{"self":[{"href":"https:\/\/milenavillamil.com\/index.php\/wp-json\/wp\/v2\/posts\/3670","targetHints":{"allow":["GET"]}}],"collection":[{"href":"https:\/\/milenavillamil.com\/index.php\/wp-json\/wp\/v2\/posts"}],"about":[{"href":"https:\/\/milenavillamil.com\/index.php\/wp-json\/wp\/v2\/types\/post"}],"author":[{"embeddable":true,"href":"https:\/\/milenavillamil.com\/index.php\/wp-json\/wp\/v2\/users\/2"}],"replies":[{"embeddable":true,"href":"https:\/\/milenavillamil.com\/index.php\/wp-json\/wp\/v2\/comments?post=3670"}],"version-history":[{"count":11,"href":"https:\/\/milenavillamil.com\/index.php\/wp-json\/wp\/v2\/posts\/3670\/revisions"}],"predecessor-version":[{"id":3860,"href":"https:\/\/milenavillamil.com\/index.php\/wp-json\/wp\/v2\/posts\/3670\/revisions\/3860"}],"wp:featuredmedia":[{"embeddable":true,"href":"https:\/\/milenavillamil.com\/index.php\/wp-json\/wp\/v2\/media\/3859"}],"wp:attachment":[{"href":"https:\/\/milenavillamil.com\/index.php\/wp-json\/wp\/v2\/media?parent=3670"}],"wp:term":[{"taxonomy":"category","embeddable":true,"href":"https:\/\/milenavillamil.com\/index.php\/wp-json\/wp\/v2\/categories?post=3670"},{"taxonomy":"post_tag","embeddable":true,"href":"https:\/\/milenavillamil.com\/index.php\/wp-json\/wp\/v2\/tags?post=3670"}],"curies":[{"name":"wp","href":"https:\/\/api.w.org\/{rel}","templated":true}]}}