{"id":3672,"date":"2021-08-08T00:10:43","date_gmt":"2021-08-08T00:10:43","guid":{"rendered":"https:\/\/milenavillamil.com\/?p=2545"},"modified":"2023-07-22T21:56:09","modified_gmt":"2023-07-22T21:56:09","slug":"sesion-de-coach-ejecutivo-individual","status":"publish","type":"post","link":"https:\/\/milenavillamil.com\/index.php\/2021\/08\/08\/sesion-de-coach-ejecutivo-individual\/","title":{"rendered":"Sesi\u00f3n de coach ejecutivo individual"},"content":{"rendered":"<p>[et_pb_section fb_built=\u00bb1&#8243; _builder_version=\u00bb4.16&#8243; global_colors_info=\u00bb{}\u00bb][et_pb_row column_structure=\u00bb2_5,3_5&#8243; _builder_version=\u00bb4.21.0&#8243; _module_preset=\u00bbdefault\u00bb global_colors_info=\u00bb{}\u00bb][et_pb_column type=\u00bb2_5&#8243; _builder_version=\u00bb4.21.0&#8243; _module_preset=\u00bbdefault\u00bb global_colors_info=\u00bb{}\u00bb][et_pb_image src=\u00bbhttps:\/\/milenavillamil.com\/wp-content\/uploads\/2023\/07\/colegas-hombre-mujer-apoyados-otros-sonriendo-scaled.jpg\u00bb title_text=\u00bbcolegas-hombre-mujer-apoyados-otros-sonriendo\u00bb _builder_version=\u00bb4.21.0&#8243; _module_preset=\u00bbdefault\u00bb global_colors_info=\u00bb{}\u00bb][\/et_pb_image][\/et_pb_column][et_pb_column type=\u00bb3_5&#8243; _builder_version=\u00bb4.21.0&#8243; _module_preset=\u00bbdefault\u00bb global_colors_info=\u00bb{}\u00bb][et_pb_text _builder_version=\u00bb4.21.0&#8243; _module_preset=\u00bbdefault\u00bb text_font_size=\u00bb26px\u00bb text_letter_spacing=\u00bb7px\u00bb global_colors_info=\u00bb{}\u00bb]<\/p>\n<p>El l\u00edder moderno es aquel, que inspira a su equipo de trabajo en hacer las cosas en excelencia y calidad, es por eso que es necesario que trabaje en su dofa de roll empresarial.<\/p>\n<p>[\/et_pb_text][\/et_pb_column][\/et_pb_row][et_pb_row _builder_version=\u00bb4.21.0&#8243; _module_preset=\u00bbdefault\u00bb global_colors_info=\u00bb{}\u00bb][et_pb_column type=\u00bb4_4&#8243; _builder_version=\u00bb4.21.0&#8243; _module_preset=\u00bbdefault\u00bb global_colors_info=\u00bb{}\u00bb][et_pb_text _builder_version=\u00bb4.21.0&#8243; _module_preset=\u00bbdefault\u00bb global_colors_info=\u00bb{}\u00bb]<\/p>\n<p>La llave del \u00e9xito es trabajar en el potencial de cada ser humano que est\u00e1 detr\u00e1s del roll ejecutivo.<\/p>\n<p>&nbsp;<\/p>\n<h3 class=\"wp-block-heading\">\u00bfPara qu\u00e9 una sesi\u00f3n de coaching ejecutivo individual?<\/h3>\n<p>Ser\u00e1 la herramienta para el ejecutivo poder descubrir(recordar) su potencial, que en un momento de sobrecarga laboral u otros aspectos le llevo a cambiar de observador.<\/p>\n<p style=\"margin: 0cm; text-align: justify; background: white;\"><strong><span style=\"font-size: 10.5pt; font-family: 'Open Sans',sans-serif; color: black;\">Individual<\/span><\/strong><span style=\"font-size: 10.5pt; font-family: 'Open Sans',sans-serif; color: black;\"><o:p><\/o:p><\/span><\/p>\n<p style=\"margin: 0cm; text-align: justify; background: white;\"><span style=\"font-size: 10.5pt; font-family: 'Open Sans',sans-serif; color: black;\">&#8211; El Coach acompa\u00f1a al Ejecutivo\u00a0<o:p><\/o:p><\/span><\/p>\n<p style=\"margin: 0cm; text-align: justify; background: white;\"><span style=\"font-size: 10.5pt; font-family: 'Open Sans',sans-serif; color: black;\">&#8211; Desarrolla un entorno de aprendizaje<o:p><\/o:p><\/span><\/p>\n<p style=\"margin: 0cm; text-align: justify; background: white;\"><span style=\"font-size: 10.5pt; font-family: 'Open Sans',sans-serif; color: black;\">&#8211; Transfiere y fortalece t\u00e9cnicas directivas: Liderazgo, comunicaci\u00f3n, soluci\u00f3n de problemas, gesti\u00f3n del tiempo y motivaci\u00f3n\u00a0<o:p><\/o:p><\/span><\/p>\n<p style=\"margin: 0cm; text-align: justify; background: white;\"><span style=\"font-size: 10.5pt; font-family: 'Open Sans',sans-serif; color: black;\">&#8211; Apoya las dimensiones del empowerment; sentido de responsabilidad, eficacia en las tareas, significaci\u00f3n, autodeterminaci\u00f3n, control personal y confianza<o:p><\/o:p><\/span><\/p>\n<p style=\"margin: 0cm; text-align: justify; background: white;\"><span style=\"font-size: 10.5pt; font-family: 'Open Sans',sans-serif; color: black;\">&#8211; Aplica la escucha activa, preguntas poderosas, feedback, autoaprendizaje, desaf\u00edo a creencias limitadoras, apoyo a nuevas conductas y otras.<o:p><\/o:p><\/span><\/p>\n<p>[\/et_pb_text][\/et_pb_column][\/et_pb_row][\/et_pb_section][et_pb_section fb_built=\u00bb1&#8243; _builder_version=\u00bb4.16&#8243; _module_preset=\u00bbdefault\u00bb global_colors_info=\u00bb{}\u00bb][et_pb_row use_custom_gutter=\u00bbon\u00bb admin_label=\u00bbrow\u00bb _builder_version=\u00bb4.16&#8243; background_size=\u00bbinitial\u00bb background_position=\u00bbtop_left\u00bb background_repeat=\u00bbrepeat\u00bb global_colors_info=\u00bb{}\u00bb][et_pb_column type=\u00bb4_4&#8243; _builder_version=\u00bb4.16&#8243; _module_preset=\u00bbdefault\u00bb global_colors_info=\u00bb{}\u00bb][et_pb_cta title=\u00bbReserva t\u00fa sesi\u00f3n de coaching ejecutivo Individual\u00bb url_new_window=\u00bbon\u00bb _builder_version=\u00bb4.16&#8243; _dynamic_attributes=\u00bblink_option_url\u00bb _module_preset=\u00bbdefault\u00bb header_level=\u00bbh3&#8243; header_font=\u00bb|600|||||||\u00bb background_color=\u00bb#4340DB\u00bb custom_button=\u00bbon\u00bb width=\u00bb100%\u00bb custom_margin=\u00bb0px||0px||false|false\u00bb custom_padding=\u00bb30px||0px||false|false\u00bb link_option_url=\u00bb@ET-DC@eyJkeW5hbWljIjp0cnVlLCJjb250ZW50IjoicG9zdF9saW5rX3VybF9wcm9kdWN0Iiwic2V0dGluZ3MiOnsicG9zdF9pZCI6IjE5NDQifX0=@\u00bb link_option_url_new_window=\u00bbon\u00bb hover_enabled=\u00bb0&#8243; border_radii=\u00bbon|10px|10px|10px|10px\u00bb box_shadow_style=\u00bbpreset1&#8243; box_shadow_blur=\u00bb8px\u00bb global_colors_info=\u00bb{}\u00bb sticky_enabled=\u00bb0&#8243;][\/et_pb_cta][\/et_pb_column][\/et_pb_row][\/et_pb_section][et_pb_section fb_built=\u00bb1&#8243; _builder_version=\u00bb4.16&#8243; global_colors_info=\u00bb{}\u00bb][et_pb_row _builder_version=\u00bb4.16&#8243; background_size=\u00bbinitial\u00bb background_position=\u00bbtop_left\u00bb background_repeat=\u00bbrepeat\u00bb global_colors_info=\u00bb{}\u00bb][et_pb_column type=\u00bb4_4&#8243; _builder_version=\u00bb4.16&#8243; custom_padding=\u00bb|||\u00bb global_colors_info=\u00bb{}\u00bb custom_padding__hover=\u00bb|||\u00bb][et_pb_text _builder_version=\u00bb4.16&#8243; background_size=\u00bbinitial\u00bb background_position=\u00bbtop_left\u00bb background_repeat=\u00bbrepeat\u00bb global_colors_info=\u00bb{}\u00bb]<!-- divi:paragraph --><\/p>\n<p><!-- \/divi:paragraph -->[\/et_pb_text][\/et_pb_column][\/et_pb_row][\/et_pb_section]<\/p>\n","protected":false},"excerpt":{"rendered":"<p>El l\u00edder moderno es aquel, que inspira a su equipo de trabajo en hacer las cosas en excelencia y calidad, es por eso que es necesario que trabaje en su dofa de roll empresarial.La llave del \u00e9xito es trabajar en el potencial de cada ser humano que est\u00e1 detr\u00e1s del roll ejecutivo. &nbsp; \u00bfPara qu\u00e9 [&hellip;]<\/p>\n","protected":false},"author":2,"featured_media":3956,"comment_status":"open","ping_status":"open","sticky":false,"template":"","format":"standard","meta":{"_et_pb_use_builder":"on","_et_pb_old_content":"<!-- wp:paragraph -->\n<p><\/p>\n<!-- \/wp:paragraph -->\n\n<!-- wp:paragraph -->\n<p>La llave del \u00e9xito en la comunicaci\u00f3n es hablar el mismo lenguaje<\/p>\n<!-- \/wp:paragraph -->\n\n<!-- wp:heading {\"level\":3} -->\n<h3 class=\"wp-block-heading\">La importancia de la comunicaci\u00f3n<\/h3>\n<!-- \/wp:heading -->\n\n<!-- wp:quote -->\n<blockquote class=\"wp-block-quote\"><!-- wp:paragraph -->\n<p>Hablar constantemente no necesariamente es comunicaci\u00f3n.<br>\u2014Joel en Eternal Sunshine of the Spotless Mind<\/p>\n<!-- \/wp:paragraph --><\/blockquote>\n<!-- \/wp:quote -->\n\n<!-- wp:heading {\"level\":3} -->\n<h3 class=\"wp-block-heading\">El poder de la Comunicaci\u00f3n<\/h3>\n<!-- \/wp:heading -->\n\n<!-- wp:paragraph -->\n<p><br>Las investigaciones indican que es probable que la mala comunicaci\u00f3n sea el origen que se cita con m\u00e1s frecuencia de conflictos interpersonales.<\/p>\n<!-- \/wp:paragraph -->\n\n<!-- wp:paragraph -->\n<p>El poder de la comunicaci\u00f3n y las formas en que se hace m\u00e1s eficaz. Uno de los temas en ocasiones interfieren en el clima organizacional son los comentarios de pasillo o llamados chismes.<\/p>\n<!-- \/wp:paragraph -->\n\n<!-- wp:paragraph -->\n<p>Considere la autoevaluaci\u00f3n siguiente y c\u00f3mo son sus actitudes hacia los chismes. si le preguntara a sus compa\u00f1eros de trabajo \u00bfCu\u00e1l es el resultado?<\/p>\n<!-- \/wp:paragraph -->\n\n<!-- wp:heading {\"level\":3} -->\n<h3 class=\"wp-block-heading\">\u00bfSoy chismoso?<\/h3>\n<!-- \/wp:heading -->\n\n<!-- wp:paragraph -->\n<p><\/p>\n<!-- \/wp:paragraph -->\n\n<!-- wp:list {\"ordered\":true} -->\n<ol><!-- wp:list-item -->\n<li>\u00bfQu\u00e9 calificaci\u00f3n obtuvo respecto de sus compa\u00f1eros?<\/li>\n<!-- \/wp:list-item -->\n\n<!-- wp:list-item -->\n<li>\u00bfPiensa que hacer chismes es una falta moral? \u00bfPor qu\u00e9?<br>Los chismes son uno de los temas de la comunicaci\u00f3n. Hay muchos otros.<\/li>\n<!-- \/wp:list-item -->\n\n<!-- wp:list-item -->\n<li>Debido a que los individuos pasan cerca del 70% de las horas que est\u00e1n despiertos comunic\u00e1ndose \u2013escribiendo, leyendo, hablando, escuchando\u2013 parece razonable concluir que una de las cosas que m\u00e1s inhiben el desempe\u00f1o exitoso de un grupo es la carencia de una comunicaci\u00f3n eficaz.<\/li>\n<!-- \/wp:list-item --><\/ol>\n<!-- \/wp:list -->\n\n<!-- wp:paragraph -->\n<p><\/p>\n<!-- \/wp:paragraph -->\n\n<!-- wp:paragraph -->\n<p>Un estudio de 2007 realizado entre reclutadores de personal, revel\u00f3 que clasificaban las aptitudes de comunicaci\u00f3n como la m\u00e1s importante caracter\u00edstica del candidato ideal a un puesto.<\/p>\n<!-- \/wp:paragraph -->\n\n<!-- wp:list {\"ordered\":true,\"start\":4} -->\n<ol start=\"4\"><!-- wp:list-item -->\n<li>Ning\u00fan grupo existe sin comunicaci\u00f3n: la transferencia de significado entre sus miembros. Es s\u00f3lo a trav\u00e9s de la transmisi\u00f3n de significado de una persona a otra que la informaci\u00f3n y las ideas se pueden transmitir. Sin embargo, la comunicaci\u00f3n es m\u00e1s que s\u00f3lo impartir significado. Tambi\u00e9n debe entenderse. En un grupo en el que uno de sus miembros s\u00f3lo hable japon\u00e9s y los dem\u00e1s no, el individuo no ser\u00e1 comprendido totalmente. Por tanto, la comunicaci\u00f3n debe incluir la transferencia y la comprensi\u00f3n del significado.<\/li>\n<!-- \/wp:list-item --><\/ol>\n<!-- \/wp:list -->\n\n<!-- wp:paragraph -->\n<p>Antes de hacer demasiadas generalizaciones acerca de la comunicaci\u00f3n y los<br>problemas para comunicarse con eficacia, es necesario revisar en forma breve las funciones que lleva a cabo la comunicaci\u00f3n y describir el proceso de comunicarse.<\/p>\n<!-- \/wp:paragraph -->\n\n<!-- wp:paragraph -->\n<p><\/p>\n<!-- \/wp:paragraph -->\n\n<!-- wp:divi\/layout -->\n<div class=\"wp-block-divi-layout\">[et_pb_section fb_built=\"1\" _builder_version=\"4.9.10\" _module_preset=\"default\"][et_pb_row use_custom_gutter=\"on\" admin_label=\"row\" _builder_version=\"4.9.10\" background_size=\"initial\" background_position=\"top_left\" background_repeat=\"repeat\"][et_pb_column type=\"4_4\" _builder_version=\"4.9.10\" _module_preset=\"default\"][et_pb_cta title=\"Reserva tu taller de comunicaci\u00f3n asertiva empresarial\" url_new_window=\"on\" _builder_version=\"4.9.10\" _dynamic_attributes=\"link_option_url\" _module_preset=\"default\" header_level=\"h3\" header_font=\"|600|||||||\" background_color=\"#4340DB\" custom_button=\"on\" width=\"100%\" custom_margin=\"0px||0px||false|false\" custom_padding=\"30px||0px||false|false\" link_option_url=\"@ET-DC@eyJkeW5hbWljIjp0cnVlLCJjb250ZW50IjoicG9zdF9saW5rX3VybF9wcm9kdWN0Iiwic2V0dGluZ3MiOnsicG9zdF9pZCI6IjE5NDQifX0=@\" link_option_url_new_window=\"on\" hover_enabled=\"0\" border_radii=\"on|10px|10px|10px|10px\" box_shadow_style=\"preset1\" box_shadow_blur=\"8px\" sticky_enabled=\"0\"][\/et_pb_cta][\/et_pb_column][\/et_pb_row][\/et_pb_section]<\/div>\n<!-- \/wp:divi\/layout -->\n\n<!-- wp:paragraph -->\n<p><\/p>\n<!-- \/wp:paragraph -->","_et_gb_content_width":"","footnotes":""},"categories":[11],"tags":[],"class_list":["post-3672","post","type-post","status-publish","format-standard","has-post-thumbnail","hentry","category-coaching-ejecutivo"],"_links":{"self":[{"href":"https:\/\/milenavillamil.com\/index.php\/wp-json\/wp\/v2\/posts\/3672","targetHints":{"allow":["GET"]}}],"collection":[{"href":"https:\/\/milenavillamil.com\/index.php\/wp-json\/wp\/v2\/posts"}],"about":[{"href":"https:\/\/milenavillamil.com\/index.php\/wp-json\/wp\/v2\/types\/post"}],"author":[{"embeddable":true,"href":"https:\/\/milenavillamil.com\/index.php\/wp-json\/wp\/v2\/users\/2"}],"replies":[{"embeddable":true,"href":"https:\/\/milenavillamil.com\/index.php\/wp-json\/wp\/v2\/comments?post=3672"}],"version-history":[{"count":8,"href":"https:\/\/milenavillamil.com\/index.php\/wp-json\/wp\/v2\/posts\/3672\/revisions"}],"predecessor-version":[{"id":3973,"href":"https:\/\/milenavillamil.com\/index.php\/wp-json\/wp\/v2\/posts\/3672\/revisions\/3973"}],"wp:featuredmedia":[{"embeddable":true,"href":"https:\/\/milenavillamil.com\/index.php\/wp-json\/wp\/v2\/media\/3956"}],"wp:attachment":[{"href":"https:\/\/milenavillamil.com\/index.php\/wp-json\/wp\/v2\/media?parent=3672"}],"wp:term":[{"taxonomy":"category","embeddable":true,"href":"https:\/\/milenavillamil.com\/index.php\/wp-json\/wp\/v2\/categories?post=3672"},{"taxonomy":"post_tag","embeddable":true,"href":"https:\/\/milenavillamil.com\/index.php\/wp-json\/wp\/v2\/tags?post=3672"}],"curies":[{"name":"wp","href":"https:\/\/api.w.org\/{rel}","templated":true}]}}