{"id":4096,"date":"2023-08-08T15:35:13","date_gmt":"2023-08-08T15:35:13","guid":{"rendered":"https:\/\/milenavillamil.com\/?p=4096"},"modified":"2023-08-27T22:43:43","modified_gmt":"2023-08-27T22:43:43","slug":"confusion","status":"publish","type":"post","link":"https:\/\/milenavillamil.com\/index.php\/2023\/08\/08\/confusion\/","title":{"rendered":"Confusi\u00f3n"},"content":{"rendered":"<p>[et_pb_section fb_built=\u00bb1&#8243; theme_builder_area=\u00bbpost_content\u00bb _builder_version=\u00bb4.21.0&#8243; _module_preset=\u00bbdefault\u00bb][et_pb_row _builder_version=\u00bb4.21.0&#8243; _module_preset=\u00bbdefault\u00bb theme_builder_area=\u00bbpost_content\u00bb][et_pb_column _builder_version=\u00bb4.21.0&#8243; _module_preset=\u00bbdefault\u00bb type=\u00bb4_4&#8243; theme_builder_area=\u00bbpost_content\u00bb][et_pb_text _builder_version=\u00bb4.21.0&#8243; _module_preset=\u00bbdefault\u00bb theme_builder_area=\u00bbpost_content\u00bb hover_enabled=\u00bb0&#8243; sticky_enabled=\u00bb0&#8243;]<\/p>\n<p>\u00bfSiento\u00a0<a href=\"http:\/\/www.auladeelena.com\/2014\/10\/emocionario-ira.html\">ira<\/a>\u00a0o\u00a0<a href=\"http:\/\/www.auladeelena.com\/2015\/02\/emocionario-miedo.html\">miedo<\/a>? Siento\u00a0<a href=\"http:\/\/www.auladeelena.com\/2014\/11\/emocionario-felicidad-y-alegria.html\">alegr\u00eda<\/a>\u00a0y\u00a0<a href=\"http:\/\/www.auladeelena.com\/2014\/11\/emocionario-tristeza-y-compasion.html\">tristeza<\/a>\u00a0a la vez. \u00bfEs envidia o celos?<\/p>\n<p>&nbsp;<\/p>\n<p>\u00a0Que me dice mi confusi\u00f3n<\/p>\n<p>&nbsp;<\/p>\n<p>La condici\u00f3n de ser humano es natural que las emociones lleguen de repente sin ser invitadas, no tengo un control donde puedo decir querido enojo ll\u00e9game a nivel 1 y se\u00f1ora alegr\u00eda ll\u00e9game a nivel 10 porque necesito alegrar a otros a trav\u00e9s de mi carisma. Jam\u00e1s pasara esto ya que ellas son emociones que son transitorias en nuestras vidas<\/p>\n<p>La emoci\u00f3n es algo espontaneo que pasa donde no la puedo controlar, el sentimiento es la forma que interpreto la emoci\u00f3n<\/p>\n<p>Las emociones jam\u00e1s duran m\u00e1s de 15 minutos en nosotros, ah entonces que pasa cuando una emoci\u00f3n como ejemplo la tristeza lleva conmigo ya mas de 2 horas, esta emoci\u00f3n se a convertido en un sentimiento. Y un resentimiento en una emoci\u00f3n no transitada.<\/p>\n<p>&nbsp;<\/p>\n<p>.<\/p>\n<p>Cuando me siento en estado de confusi\u00f3n, seguramente no se distinguir si estoy transitando la ira o el miedo, la alegr\u00eda o la tristeza a la vez, estoy en la envidia o los celos.<\/p>\n<p>\u00a1en que sentimiento estoy transitando esta confusi\u00f3n?<\/p>\n<p>Es aqu\u00ed donde puedo preguntarme:<\/p>\n<p>\u00bfQu\u00e9 me causa enojo de esta situaci\u00f3n?<\/p>\n<p>\u00bfestoy enojado conmigo mismo?<\/p>\n<p>\u00bfEsto es realmente un enojo?<\/p>\n<p>\u00bfQu\u00e9 hay detr\u00e1s de este enojo?<\/p>\n<p>\u00a0\u00bfQu\u00e9 logro estando enojada?<\/p>\n<p>\u00a0\u00bfQue no logro estando enojada?<\/p>\n<p>\u00a0\u00bfEste enojo es m\u00edo o es de alguien m\u00e1s?<\/p>\n<p>\u00bfEstoy reemplazando a alguien con este enojo?<\/p>\n<p>\u00bfEstoy siendo leal a alguien con este enojo?<\/p>\n<p>\u00bfqu\u00e9 expectativa no se cumpli\u00f3 que me genera enojo?<\/p>\n<p>\u00bfpara que estoy enojado?<\/p>\n<p>\u00bfa que le tengo miedo de esta situaci\u00f3n?<\/p>\n<p>\u00bfqu\u00e9 me causa miedo de esta situaci\u00f3n?<\/p>\n<p>\u00bfQu\u00e9 revive este miedo en mi \u00bf<\/p>\n<p>\u00bfqu\u00e9 me dice mi miedo?<\/p>\n<p>\u00bfQu\u00e9 me causa tristeza de esto que estoy pasando?<\/p>\n<p>Date el permiso de preguntarte y no te afanes por las respuestas esas vienen solas a su momento.<\/p>\n<p>&nbsp;<\/p>\n<p>Es verdad que la confusi\u00f3n me pone inestable y m\u00e1s cuando soy egoc\u00e9ntrica, cuando no se ser vulnerable con mi ser, cuando no me he dado el permiso de conocerme, cuando no me doy el permiso de saber que hay cosas que vivo buscando afuera en otros cuando esas cosas est\u00e1n en m\u00ed solo que por creencias limitantes, por ego, soberbia o quiz\u00e1s incapacitada emocional no las se reconocer en mi.<\/p>\n<p>&nbsp;<\/p>\n<p>Querida confusi\u00f3n:<\/p>\n<p>Lo siento por no saber distinguir que sentimiento me genera estar en ti<\/p>\n<p>Lo siento por conocerme tan bien para identificar que emoci\u00f3n no transite de manera correcta y apareci\u00f3 este resentimiento que me roba la paz<\/p>\n<p>Me perdono por no poder mirar lo que pasa en el instante que lo requiero<\/p>\n<p>Me perdono por permitir que la zozobra nuble mi existir<\/p>\n<p>Te amo querida confusi\u00f3n porque me llevas a preguntarme muchas cosas sin respuesta<\/p>\n<p style=\"text-align: justify;\">Gracias querida confusi\u00f3n por llegar a mi vida a permitirme conocer desde otro observador.<\/p>\n<p>[\/et_pb_text][\/et_pb_column][\/et_pb_row][\/et_pb_section]<\/p>\n","protected":false},"excerpt":{"rendered":"<p>\u00bfSiento\u00a0ira\u00a0o\u00a0miedo? Siento\u00a0alegr\u00eda\u00a0y\u00a0tristeza\u00a0a la vez. \u00bfEs envidia o celos? &nbsp; \u00a0Que me dice mi confusi\u00f3n &nbsp; La condici\u00f3n de ser humano es natural que las emociones lleguen de repente sin ser invitadas, no tengo un control donde puedo decir querido enojo ll\u00e9game a nivel 1 y se\u00f1ora alegr\u00eda ll\u00e9game a nivel 10 porque necesito alegrar a [&hellip;]<\/p>\n","protected":false},"author":2,"featured_media":3321,"comment_status":"open","ping_status":"open","sticky":false,"template":"","format":"standard","meta":{"_et_pb_use_builder":"on","_et_pb_old_content":"","_et_gb_content_width":"","footnotes":""},"categories":[1],"tags":[],"class_list":["post-4096","post","type-post","status-publish","format-standard","has-post-thumbnail","hentry","category-blog"],"_links":{"self":[{"href":"https:\/\/milenavillamil.com\/index.php\/wp-json\/wp\/v2\/posts\/4096","targetHints":{"allow":["GET"]}}],"collection":[{"href":"https:\/\/milenavillamil.com\/index.php\/wp-json\/wp\/v2\/posts"}],"about":[{"href":"https:\/\/milenavillamil.com\/index.php\/wp-json\/wp\/v2\/types\/post"}],"author":[{"embeddable":true,"href":"https:\/\/milenavillamil.com\/index.php\/wp-json\/wp\/v2\/users\/2"}],"replies":[{"embeddable":true,"href":"https:\/\/milenavillamil.com\/index.php\/wp-json\/wp\/v2\/comments?post=4096"}],"version-history":[{"count":2,"href":"https:\/\/milenavillamil.com\/index.php\/wp-json\/wp\/v2\/posts\/4096\/revisions"}],"predecessor-version":[{"id":4098,"href":"https:\/\/milenavillamil.com\/index.php\/wp-json\/wp\/v2\/posts\/4096\/revisions\/4098"}],"wp:featuredmedia":[{"embeddable":true,"href":"https:\/\/milenavillamil.com\/index.php\/wp-json\/wp\/v2\/media\/3321"}],"wp:attachment":[{"href":"https:\/\/milenavillamil.com\/index.php\/wp-json\/wp\/v2\/media?parent=4096"}],"wp:term":[{"taxonomy":"category","embeddable":true,"href":"https:\/\/milenavillamil.com\/index.php\/wp-json\/wp\/v2\/categories?post=4096"},{"taxonomy":"post_tag","embeddable":true,"href":"https:\/\/milenavillamil.com\/index.php\/wp-json\/wp\/v2\/tags?post=4096"}],"curies":[{"name":"wp","href":"https:\/\/api.w.org\/{rel}","templated":true}]}}