{"id":649,"date":"2021-02-17T05:38:09","date_gmt":"2021-02-17T05:38:09","guid":{"rendered":"https:\/\/milenavillamil.com\/?p=649"},"modified":"2023-07-22T21:46:55","modified_gmt":"2023-07-22T21:46:55","slug":"para-que-pides-a-alguien-perfecto","status":"publish","type":"post","link":"https:\/\/milenavillamil.com\/index.php\/2021\/02\/17\/para-que-pides-a-alguien-perfecto\/","title":{"rendered":"\u00bfPara qu\u00e9 pides a alguien perfecto?"},"content":{"rendered":"\n<p>\u00bfPara qu\u00e9 pides que tus padres sean perfectos? \u00bfPara qu\u00e9 pides una pareja perfecta? \u00bfPara qu\u00e9 esperas que tu m\u00e9dico, odont\u00f3logo, psic\u00f3logo, coach o etc profesional sea perfecto? \u00bfPara qu\u00e9 quieres ser perfecto?.<\/p>\n\n\n\n<p>Desde mi punto de vista, he aprendido que es mucha carga emocional pretender ser perfecto o exigir que ante mis ojos otros lo sean, dicen que las primeras heridas emocionales son causadas por nuestros padres, y desde all\u00ed crecemos con una necesidad de estar buscando y buscando en otros lo que est\u00e1 dentro de m\u00ed misma.<\/p>\n\n\n\n<p>Desde el d\u00eda que acepte que mi madre, mi m\u00e9dico, mi amigo, mi pareja etc son seres humanos deje de guardarles ese algo que me hac\u00eda sentir prevenida hacia ellos y empec\u00e9 a sentir mi vida emocional m\u00e1s ligera, as\u00ed mismo aprend\u00ed a sacar lo bueno de cada quien sin importar quien sea, es decir un ejemplo:<\/p>\n\n\n\n<p>Si a m\u00ed un ladr\u00f3n me dice Claudia Milena no robe porque es algo que no te conviene (en mi pasado hubiera dicho, pero mire quien me habla, pero quien es Ud. para decirme esto si lo hace), en este viaje de la transformaci\u00f3n he aprendido a decir Gracias Dios que me pones a esta persona para que me hable y saber que esta persona desde su experiencia propia me puede decir, para algo llega esta informaci\u00f3n en mi vida.<\/p>\n\n\n\n<p>Desde que busco d\u00eda a d\u00eda dejar el juicio en m\u00ed vida, aprovecho m\u00e1s cada peque\u00f1o detalle y me nutro de las herramientas que se me brindan a diario, no para ser perfecta sino, para andar m\u00e1s ligera de cargas emocionales.<\/p>\n","protected":false},"excerpt":{"rendered":"<p>\u00bfPara qu\u00e9 pides que tus padres sean perfectos? \u00bfPara qu\u00e9 pides una pareja perfecta? \u00bfPara qu\u00e9 esperas que tu m\u00e9dico, odont\u00f3logo, psic\u00f3logo, coach o etc profesional sea perfecto? \u00bfPara qu\u00e9 quieres ser perfecto?. Desde mi punto de vista, he aprendido que es mucha carga emocional pretender ser perfecto o exigir que ante mis ojos otros [&hellip;]<\/p>\n","protected":false},"author":2,"featured_media":3331,"comment_status":"open","ping_status":"open","sticky":false,"template":"","format":"standard","meta":{"_et_pb_use_builder":"off","_et_pb_old_content":"","_et_gb_content_width":"","footnotes":""},"categories":[1],"tags":[],"class_list":["post-649","post","type-post","status-publish","format-standard","has-post-thumbnail","hentry","category-blog"],"_links":{"self":[{"href":"https:\/\/milenavillamil.com\/index.php\/wp-json\/wp\/v2\/posts\/649","targetHints":{"allow":["GET"]}}],"collection":[{"href":"https:\/\/milenavillamil.com\/index.php\/wp-json\/wp\/v2\/posts"}],"about":[{"href":"https:\/\/milenavillamil.com\/index.php\/wp-json\/wp\/v2\/types\/post"}],"author":[{"embeddable":true,"href":"https:\/\/milenavillamil.com\/index.php\/wp-json\/wp\/v2\/users\/2"}],"replies":[{"embeddable":true,"href":"https:\/\/milenavillamil.com\/index.php\/wp-json\/wp\/v2\/comments?post=649"}],"version-history":[{"count":1,"href":"https:\/\/milenavillamil.com\/index.php\/wp-json\/wp\/v2\/posts\/649\/revisions"}],"predecessor-version":[{"id":3659,"href":"https:\/\/milenavillamil.com\/index.php\/wp-json\/wp\/v2\/posts\/649\/revisions\/3659"}],"wp:featuredmedia":[{"embeddable":true,"href":"https:\/\/milenavillamil.com\/index.php\/wp-json\/wp\/v2\/media\/3331"}],"wp:attachment":[{"href":"https:\/\/milenavillamil.com\/index.php\/wp-json\/wp\/v2\/media?parent=649"}],"wp:term":[{"taxonomy":"category","embeddable":true,"href":"https:\/\/milenavillamil.com\/index.php\/wp-json\/wp\/v2\/categories?post=649"},{"taxonomy":"post_tag","embeddable":true,"href":"https:\/\/milenavillamil.com\/index.php\/wp-json\/wp\/v2\/tags?post=649"}],"curies":[{"name":"wp","href":"https:\/\/api.w.org\/{rel}","templated":true}]}}