{"id":799,"date":"2021-06-16T01:58:21","date_gmt":"2021-06-16T01:58:21","guid":{"rendered":"https:\/\/milenavillamil.com\/?p=799"},"modified":"2023-07-22T21:46:41","modified_gmt":"2023-07-22T21:46:41","slug":"pasado-perfecto","status":"publish","type":"post","link":"https:\/\/milenavillamil.com\/index.php\/2021\/06\/16\/pasado-perfecto\/","title":{"rendered":"Pasado Perfecto"},"content":{"rendered":"\n<p>El pasado perfecto existe para m\u00ed, incre\u00edblemente son m\u00ed plataforma del presente, hoy en d\u00eda agradezco a cada acontecimiento en mi vida en su momento no entend\u00eda que solo estaba aprendiendo y que no estaba preparada para entenderlo, hoy en mi presente entiendo que todos los por menores pasaron de la manera perfecta, cada persona y situaci\u00f3n, fue el profesor@ perfecto para lo que requer\u00eda aprender.<\/p>\n\n\n\n<p>Si hoy estas pasando por alguna situaci\u00f3n que crees no tiene salida, respira profundo y como dice el viejo refr\u00e1n \u201cla tempestad siempre va a favor del marinero\u201d.<\/p>\n","protected":false},"excerpt":{"rendered":"<p>El pasado perfecto existe para m\u00ed, incre\u00edblemente son m\u00ed plataforma del presente, hoy en d\u00eda agradezco a cada acontecimiento en mi vida en su momento no entend\u00eda que solo estaba aprendiendo y que no estaba preparada para entenderlo, hoy en mi presente entiendo que todos los por menores pasaron de la manera perfecta, cada persona [&hellip;]<\/p>\n","protected":false},"author":2,"featured_media":3329,"comment_status":"open","ping_status":"open","sticky":false,"template":"","format":"standard","meta":{"_et_pb_use_builder":"off","_et_pb_old_content":"","_et_gb_content_width":"","footnotes":""},"categories":[1],"tags":[],"class_list":["post-799","post","type-post","status-publish","format-standard","has-post-thumbnail","hentry","category-blog"],"_links":{"self":[{"href":"https:\/\/milenavillamil.com\/index.php\/wp-json\/wp\/v2\/posts\/799","targetHints":{"allow":["GET"]}}],"collection":[{"href":"https:\/\/milenavillamil.com\/index.php\/wp-json\/wp\/v2\/posts"}],"about":[{"href":"https:\/\/milenavillamil.com\/index.php\/wp-json\/wp\/v2\/types\/post"}],"author":[{"embeddable":true,"href":"https:\/\/milenavillamil.com\/index.php\/wp-json\/wp\/v2\/users\/2"}],"replies":[{"embeddable":true,"href":"https:\/\/milenavillamil.com\/index.php\/wp-json\/wp\/v2\/comments?post=799"}],"version-history":[{"count":1,"href":"https:\/\/milenavillamil.com\/index.php\/wp-json\/wp\/v2\/posts\/799\/revisions"}],"predecessor-version":[{"id":3655,"href":"https:\/\/milenavillamil.com\/index.php\/wp-json\/wp\/v2\/posts\/799\/revisions\/3655"}],"wp:featuredmedia":[{"embeddable":true,"href":"https:\/\/milenavillamil.com\/index.php\/wp-json\/wp\/v2\/media\/3329"}],"wp:attachment":[{"href":"https:\/\/milenavillamil.com\/index.php\/wp-json\/wp\/v2\/media?parent=799"}],"wp:term":[{"taxonomy":"category","embeddable":true,"href":"https:\/\/milenavillamil.com\/index.php\/wp-json\/wp\/v2\/categories?post=799"},{"taxonomy":"post_tag","embeddable":true,"href":"https:\/\/milenavillamil.com\/index.php\/wp-json\/wp\/v2\/tags?post=799"}],"curies":[{"name":"wp","href":"https:\/\/api.w.org\/{rel}","templated":true}]}}